{"id":100002,"date":"2025-02-06T21:50:05","date_gmt":"2025-02-06T21:50:05","guid":{"rendered":"https:\/\/tvbrazilusa.com\/2025\/02\/06\/deputados-solicitam-que-a-justica-reconheca-a-injuria-racial-para-todas-as-cores-e-etnias\/"},"modified":"2025-02-06T21:50:07","modified_gmt":"2025-02-06T21:50:07","slug":"deputados-solicitam-que-a-justica-reconheca-a-injuria-racial-para-todas-as-cores-e-etnias","status":"publish","type":"post","link":"https:\/\/tvbrazilusa.com\/pt\/2025\/02\/06\/deputados-solicitam-que-a-justica-reconheca-a-injuria-racial-para-todas-as-cores-e-etnias\/","title":{"rendered":"Deputados solicitam que a Justi\u00e7a reconhe\u00e7a a inj\u00faria racial para todas as cores e etnias"},"content":{"rendered":"<p> <script async src=\"https:\/\/pagead2.googlesyndication.com\/pagead\/js\/adsbygoogle.js?client=ca-pub-8864793242727901\"\r\n     crossorigin=\"anonymous\"><\/script><br \/>\n<\/p>\n<div id=\"taboola-read-more\" style=\"display:block; width:100%\">\n<p>Os deputados Kim Kataguiri (Uni\u00e3o-SP) e Helio Lopes (PL-RJ) apresentaram projetos de lei para ampliar a prote\u00e7\u00e3o legal contra discrimina\u00e7\u00e3o racial. Os parlamentares querem que a Justi\u00e7a reconhe\u00e7a inj\u00faria racial contra pessoas de todas as ra\u00e7as, cores, etnias, religi\u00f5es e nacionalidades.\n<\/p>\n<p>A PL 283\/2025, de autoria de Kim, tem o objetivo de aprimorar a Lei n\u00ba 7.716, de 1989, para conferir maior abrang\u00eancia \u00e0 tipifica\u00e7\u00e3o dos crimes de preconceito. A ideia \u00e9 que os acusados sejam reconhecidos e punidos independentemente de cor, ra\u00e7a, etnia, religi\u00e3o ou proced\u00eancia nacional da v\u00edtima.<\/p>\n<p>\u201cAtualmente, a legisla\u00e7\u00e3o em vigor enfatiza a prote\u00e7\u00e3o contra discrimina\u00e7\u00e3o racial e de cor, o que pode gerar interpreta\u00e7\u00f5es restritivas na aplica\u00e7\u00e3o da norma\u201d, justificou Kim. \u201cNo entanto, o combate ao preconceito deve ser amplo, assegurando a todas as pessoas a mesma prote\u00e7\u00e3o jur\u00eddica contra atos discriminat\u00f3rios, independentemente de sua identidade racial, \u00e9tnica, religiosa ou nacional\u201d, completou.\n<\/p>\n<p>Proposta de H\u00e9lio Lopes<br \/>J\u00e1 o Projeto de Lei 298\/2025, do parlamentar H\u00e9lio Lopes, disp\u00f5e sobre a aplica\u00e7\u00e3o objetiva do crime de inj\u00faria racial. Com a proposta, ele pretende assegurar a interpreta\u00e7\u00e3o dos processos conforme o princ\u00edpio da igualdade constitucional.\n<\/p>\n<p>As iniciativas dos deputados s\u00e3o uma resposta \u00e0 decis\u00e3o do Superior Tribunal de Justi\u00e7a (STJ), que, na ter\u00e7a-feira 4, rejeitou a tese de \u201cracismo reverso\u201d.\n<\/p>\n<p>O STJ afastou a possibilidade de inj\u00faria racial quando a v\u00edtima \u00e9 branca e as ofensas se referem apenas \u00e0 cor da pele. O tribunal reafirmou que \u201co racismo \u00e9 um fen\u00f4meno estrutural que historicamente afeta grupos minorit\u00e1rios, n\u00e3o se aplicando a grupos majorit\u00e1rios em posi\u00e7\u00f5es de poder\u201d.\n<\/p>\n<p>Decis\u00e3o da Justi\u00e7a e argumentos do relator do tribunal<br \/>O ministro Og Fernandes, relator do processo, enfatizou que, apesar de ser poss\u00edvel haver ofensas de negros contra brancos, essas n\u00e3o configuram inj\u00faria racial se baseadas unicamente na cor da pele. Tais ofensas poderiam se enquadrar em outras categorias de crimes contra a honra.\n<\/p>\n<p>Esse caso envolvia um homem negro denunciado por inj\u00faria racial depois de chamar um italiano de \u201cescravista cabe\u00e7a branca europeia\u201d em mensagens. O epis\u00f3dio ocorreu depois que o estrangeiro n\u00e3o pagou o valor devido por servi\u00e7os prestados. A 6\u00aa Turma do STJ anulou todos os atos do processo contra o acusado.\n<\/p>\n<p>Para H\u00e9lio Lopes, a decis\u00e3o fundamentou-se na interpreta\u00e7\u00e3o de que a norma penal busca proteger exclusivamente grupos historicamente marginalizados.\n<\/p>\n<p>\u201cIsso resultou no trancamento da a\u00e7\u00e3o penal e refor\u00e7ou a tese de que determinados grupos podem proferir ofensas discriminat\u00f3rias sem a devida responsabiliza\u00e7\u00e3o\u201d, analisou o deputado.\n<\/p>\n<p>Em sua proposi\u00e7\u00e3o, Lopes visa a garantir a aplica\u00e7\u00e3o equitativa do crime de inj\u00faria racial, impedindo que determinadas categorias de indiv\u00edduos fiquem isentas de responsabilidade penal ao proferir ofensas discriminat\u00f3rias.\n<\/p>\n<p>\u201cA interpreta\u00e7\u00e3o de que apenas grupos historicamente marginalizados podem ser protegidos pela norma penal cria um verdadeiro \u2018salvo-conduto racial\u2019, permitindo que alguns possam praticar ofensas sem consequ\u00eancia legal\u201d, argumenta Lopes.\n<\/p>\n<p>Os dois projetos de lei ainda v\u00e3o passar por an\u00e1lise nas comiss\u00f5es antes de seguir para o plen\u00e1rio da C\u00e2mara dos Deputados.\n<\/p>\n<p>Fonte: Revista Oeste              <\/p>\n<\/div>\n<p><br \/>\n<br \/><a href=\"https:\/\/diariodobrasilnoticias.com.br\/noticia\/deputados-solicitam-que-a-justica-reconheca-a-injuria-racial-para-todas-as-cores-e-etnias-67a50bf262de5\">Source link <\/a><\/p>","protected":false},"excerpt":{"rendered":"<p>Os deputados Kim Kataguiri (Uni\u00e3o-SP) e Helio Lopes (PL-RJ) apresentaram projetos de lei para ampliar a prote\u00e7\u00e3o legal contra discrimina\u00e7\u00e3o racial. Os parlamentares querem que a Justi\u00e7a reconhe\u00e7a inj\u00faria racial&hellip;<\/p>","protected":false},"author":1,"featured_media":100003,"comment_status":"closed","ping_status":"open","sticky":false,"template":"","format":"standard","meta":{"content-type":"","footnotes":""},"categories":[16],"tags":[123,2448,5313,1267],"class_list":["post-100002","post","type-post","status-publish","format-standard","has-post-thumbnail","hentry","category-noticias","tag-brasil","tag-diario","tag-noticia","tag-noticias"],"_links":{"self":[{"href":"https:\/\/tvbrazilusa.com\/pt\/wp-json\/wp\/v2\/posts\/100002","targetHints":{"allow":["GET"]}}],"collection":[{"href":"https:\/\/tvbrazilusa.com\/pt\/wp-json\/wp\/v2\/posts"}],"about":[{"href":"https:\/\/tvbrazilusa.com\/pt\/wp-json\/wp\/v2\/types\/post"}],"author":[{"embeddable":true,"href":"https:\/\/tvbrazilusa.com\/pt\/wp-json\/wp\/v2\/users\/1"}],"replies":[{"embeddable":true,"href":"https:\/\/tvbrazilusa.com\/pt\/wp-json\/wp\/v2\/comments?post=100002"}],"version-history":[{"count":1,"href":"https:\/\/tvbrazilusa.com\/pt\/wp-json\/wp\/v2\/posts\/100002\/revisions"}],"predecessor-version":[{"id":100004,"href":"https:\/\/tvbrazilusa.com\/pt\/wp-json\/wp\/v2\/posts\/100002\/revisions\/100004"}],"wp:featuredmedia":[{"embeddable":true,"href":"https:\/\/tvbrazilusa.com\/pt\/wp-json\/wp\/v2\/media\/100003"}],"wp:attachment":[{"href":"https:\/\/tvbrazilusa.com\/pt\/wp-json\/wp\/v2\/media?parent=100002"}],"wp:term":[{"taxonomy":"category","embeddable":true,"href":"https:\/\/tvbrazilusa.com\/pt\/wp-json\/wp\/v2\/categories?post=100002"},{"taxonomy":"post_tag","embeddable":true,"href":"https:\/\/tvbrazilusa.com\/pt\/wp-json\/wp\/v2\/tags?post=100002"}],"curies":[{"name":"wp","href":"https:\/\/api.w.org\/{rel}","templated":true}]}}