{"id":100023,"date":"2025-02-06T22:28:13","date_gmt":"2025-02-06T22:28:13","guid":{"rendered":"https:\/\/tvbrazilusa.com\/2025\/02\/06\/barroso-anuncia-lancamento-de-gravatas-e-lencos-do-stf-para-retribuir-presentes-recebidos-pela-corte-veja-video\/"},"modified":"2025-02-06T22:28:15","modified_gmt":"2025-02-06T22:28:15","slug":"barroso-anuncia-lancamento-de-gravatas-e-lencos-do-stf-para-retribuir-presentes-recebidos-pela-corte-veja-video","status":"publish","type":"post","link":"https:\/\/tvbrazilusa.com\/pt\/2025\/02\/06\/barroso-anuncia-lancamento-de-gravatas-e-lencos-do-stf-para-retribuir-presentes-recebidos-pela-corte-veja-video\/","title":{"rendered":"Barroso anuncia lan\u00e7amento de gravatas e len\u00e7os do STF para retribuir presentes recebidos pela Corte; VEJA V\u00cdDEO"},"content":{"rendered":"<p> <script async src=\"https:\/\/pagead2.googlesyndication.com\/pagead\/js\/adsbygoogle.js?client=ca-pub-8864793242727901\"\r\n     crossorigin=\"anonymous\"><\/script><br \/>\n<\/p>\n<div id=\"taboola-read-more\" style=\"display:block; width:100%\">\n<p>Em uma iniciativa que mistura moda com diplomacia institucional, o presidente do Supremo Tribunal Federal (STF), Lu\u00eds Roberto Barroso, anunciou nesta quinta-feira (6\/2) o lan\u00e7amento de gravatas e len\u00e7os exclusivos do STF. A medida visa retribuir os presentes recebidos pela Corte, criando o que Barroso brincou de chamar de &#8220;departamento STF Fashion&#8221;. A ideia \u00e9 oferecer esses itens personalizados como uma forma de agradecimento \u00e0s autoridades que visitam ou interagem com o tribunal.\n<\/p>\n<p>A novidade foi recebida com um misto de humor e cr\u00edtica nas redes sociais, onde alguns usu\u00e1rios questionaram os custos associados a esta nova empreitada, especialmente em um momento de austeridade econ\u00f4mica para muitos brasileiros. No entanto, Barroso n\u00e3o detalhou os custos envolvidos na produ\u00e7\u00e3o desses artigos. A iniciativa reflete uma tentativa de moderniza\u00e7\u00e3o e aproxima\u00e7\u00e3o do STF com outras institui\u00e7\u00f5es, embora tamb\u00e9m levante discuss\u00f5es sobre a adequa\u00e7\u00e3o de tais gastos em uma corte que frequentemente \u00e9 alvo de debates sobre transpar\u00eancia e efici\u00eancia.<\/p>\n<p><strong>ASSISTA:<\/strong>\n<\/p>\n<p>Fonte: @metropoles \/ X              <\/p>\n<\/div>\n<p><br \/>\n<br \/><a href=\"https:\/\/diariodobrasilnoticias.com.br\/noticia\/barroso-anuncia-lancamento-de-gravatas-e-lencos-do-stf-para-retribuir-presentes-recebidos-pela-corte-veja-video-67a50e6ccdc1b\">Source link <\/a><\/p>","protected":false},"excerpt":{"rendered":"<p>Em uma iniciativa que mistura moda com diplomacia institucional, o presidente do Supremo Tribunal Federal (STF), Lu\u00eds Roberto Barroso, anunciou nesta quinta-feira (6\/2) o lan\u00e7amento de gravatas e len\u00e7os exclusivos&hellip;<\/p>","protected":false},"author":1,"featured_media":100024,"comment_status":"closed","ping_status":"open","sticky":false,"template":"","format":"standard","meta":{"content-type":"","footnotes":""},"categories":[16],"tags":[123,2448,5313,1267],"class_list":["post-100023","post","type-post","status-publish","format-standard","has-post-thumbnail","hentry","category-noticias","tag-brasil","tag-diario","tag-noticia","tag-noticias"],"_links":{"self":[{"href":"https:\/\/tvbrazilusa.com\/pt\/wp-json\/wp\/v2\/posts\/100023","targetHints":{"allow":["GET"]}}],"collection":[{"href":"https:\/\/tvbrazilusa.com\/pt\/wp-json\/wp\/v2\/posts"}],"about":[{"href":"https:\/\/tvbrazilusa.com\/pt\/wp-json\/wp\/v2\/types\/post"}],"author":[{"embeddable":true,"href":"https:\/\/tvbrazilusa.com\/pt\/wp-json\/wp\/v2\/users\/1"}],"replies":[{"embeddable":true,"href":"https:\/\/tvbrazilusa.com\/pt\/wp-json\/wp\/v2\/comments?post=100023"}],"version-history":[{"count":1,"href":"https:\/\/tvbrazilusa.com\/pt\/wp-json\/wp\/v2\/posts\/100023\/revisions"}],"predecessor-version":[{"id":100025,"href":"https:\/\/tvbrazilusa.com\/pt\/wp-json\/wp\/v2\/posts\/100023\/revisions\/100025"}],"wp:featuredmedia":[{"embeddable":true,"href":"https:\/\/tvbrazilusa.com\/pt\/wp-json\/wp\/v2\/media\/100024"}],"wp:attachment":[{"href":"https:\/\/tvbrazilusa.com\/pt\/wp-json\/wp\/v2\/media?parent=100023"}],"wp:term":[{"taxonomy":"category","embeddable":true,"href":"https:\/\/tvbrazilusa.com\/pt\/wp-json\/wp\/v2\/categories?post=100023"},{"taxonomy":"post_tag","embeddable":true,"href":"https:\/\/tvbrazilusa.com\/pt\/wp-json\/wp\/v2\/tags?post=100023"}],"curies":[{"name":"wp","href":"https:\/\/api.w.org\/{rel}","templated":true}]}}