{"id":100044,"date":"2025-02-06T23:09:30","date_gmt":"2025-02-06T23:09:30","guid":{"rendered":"https:\/\/tvbrazilusa.com\/2025\/02\/06\/nao-nj-gov-murphy-diz-nao-estou-abrigando-um-imigrante-sem-documentos\/"},"modified":"2025-02-06T23:15:20","modified_gmt":"2025-02-06T23:15:20","slug":"nao-nj-gov-murphy-diz-nao-estou-abrigando-um-imigrante-sem-documentos","status":"publish","type":"post","link":"https:\/\/tvbrazilusa.com\/pt\/2025\/02\/06\/nao-nj-gov-murphy-diz-nao-estou-abrigando-um-imigrante-sem-documentos\/","title":{"rendered":"N\u00e3o, NJ Gov. Murphy diz, n\u00e3o estou abrigando um imigrante sem documentos"},"content":{"rendered":"<p> <script async src=\"https:\/\/pagead2.googlesyndication.com\/pagead\/js\/adsbygoogle.js?client=ca-pub-8864793242727901\"\r\n     crossorigin=\"anonymous\"><\/script><br \/>\n<\/p>\n<p><a href=\"https:\/\/www.nj.com\/politics\/\" target=\"_blank\">Washington<\/a> &#8211; Gov. de Nova Jersey <a href=\"https:\/\/www.nj.com\/topic\/phil-murphy\/\" target=\"_blank\">Phil Murphy<\/a> disse quinta -feira que n\u00e3o estava sendo literal quando ele <a href=\"https:\/\/www.nj.com\/politics\/2025\/02\/gov-murphy-suggests-hes-housing-an-undocumented-immigrant-good-luck-to-the-feds-to-get-her.html\" target=\"_blank\">parecia dizer que ele estava morando<\/a> Um imigrante sem documentos em uma garagem em sua resid\u00eancia e provocou autoridades federais para &#8220;tentar obt\u00ea -la&#8221; &#8211; coment\u00e1rios que despertaram raiva dos republicanos.<\/p>\n<p><br \/>\n<br \/><a href=\"https:\/\/www.nj.com\/politics\/2025\/02\/no-nj-gov-murphy-says-i-am-not-harboring-an-undocumented-immigrant.html\">Source link <\/a><\/p>","protected":false},"excerpt":{"rendered":"<p>Washington &#8211; Gov. de Nova Jersey Phil Murphy disse quinta -feira que n\u00e3o estava sendo literal quando ele parecia dizer que ele estava morando Um imigrante sem documentos em uma&hellip;<\/p>","protected":false},"author":1,"featured_media":100045,"comment_status":"closed","ping_status":"open","sticky":false,"template":"","format":"standard","meta":{"content-type":"","footnotes":""},"categories":[1],"tags":[],"class_list":["post-100044","post","type-post","status-publish","format-standard","has-post-thumbnail","hentry","category-uncategorized"],"_links":{"self":[{"href":"https:\/\/tvbrazilusa.com\/pt\/wp-json\/wp\/v2\/posts\/100044","targetHints":{"allow":["GET"]}}],"collection":[{"href":"https:\/\/tvbrazilusa.com\/pt\/wp-json\/wp\/v2\/posts"}],"about":[{"href":"https:\/\/tvbrazilusa.com\/pt\/wp-json\/wp\/v2\/types\/post"}],"author":[{"embeddable":true,"href":"https:\/\/tvbrazilusa.com\/pt\/wp-json\/wp\/v2\/users\/1"}],"replies":[{"embeddable":true,"href":"https:\/\/tvbrazilusa.com\/pt\/wp-json\/wp\/v2\/comments?post=100044"}],"version-history":[{"count":1,"href":"https:\/\/tvbrazilusa.com\/pt\/wp-json\/wp\/v2\/posts\/100044\/revisions"}],"predecessor-version":[{"id":100046,"href":"https:\/\/tvbrazilusa.com\/pt\/wp-json\/wp\/v2\/posts\/100044\/revisions\/100046"}],"wp:featuredmedia":[{"embeddable":true,"href":"https:\/\/tvbrazilusa.com\/pt\/wp-json\/wp\/v2\/media\/100045"}],"wp:attachment":[{"href":"https:\/\/tvbrazilusa.com\/pt\/wp-json\/wp\/v2\/media?parent=100044"}],"wp:term":[{"taxonomy":"category","embeddable":true,"href":"https:\/\/tvbrazilusa.com\/pt\/wp-json\/wp\/v2\/categories?post=100044"},{"taxonomy":"post_tag","embeddable":true,"href":"https:\/\/tvbrazilusa.com\/pt\/wp-json\/wp\/v2\/tags?post=100044"}],"curies":[{"name":"wp","href":"https:\/\/api.w.org\/{rel}","templated":true}]}}