{"id":100053,"date":"2025-02-06T23:44:42","date_gmt":"2025-02-06T23:44:42","guid":{"rendered":"https:\/\/tvbrazilusa.com\/2025\/02\/06\/o-presidente-da-siria-se-reune-com-os-lideres-da-turquia-e-da-arabia-saudita\/"},"modified":"2025-02-06T23:44:44","modified_gmt":"2025-02-06T23:44:44","slug":"o-presidente-da-siria-se-reune-com-os-lideres-da-turquia-e-da-arabia-saudita","status":"publish","type":"post","link":"https:\/\/tvbrazilusa.com\/pt\/2025\/02\/06\/o-presidente-da-siria-se-reune-com-os-lideres-da-turquia-e-da-arabia-saudita\/","title":{"rendered":"O presidente da S\u00edria se re\u00fane com os l\u00edderes da Turquia e da Ar\u00e1bia Saudita"},"content":{"rendered":"<p> <script async src=\"https:\/\/pagead2.googlesyndication.com\/pagead\/js\/adsbygoogle.js?client=ca-pub-8864793242727901\"\r\n     crossorigin=\"anonymous\"><\/script><br \/>\n<\/p>\n<div id=\"taboola-read-more\" style=\"display:block; width:100%\">\n<p>Na \u00faltima semana, Ahmed al-Sharaa, iniciou suas primeiras viagens oficiais como presidente da S\u00edria, marcando uma s\u00e9rie de encontros cruciais para o futuro pol\u00edtico e econ\u00f4mico do pa\u00eds.\n<\/p>\n<p>Sua jornada, de acordo com a entidade Alma Research, come\u00e7ou pela Ar\u00e1bia Saudita, onde se reuniu com o pr\u00edncipe herdeiro Mohammed bin Salman, e seguiu para a Turquia, onde foi recebido pelo presidente Recep Tayyip Erdo\u011fan.<\/p>\n<p>Esta viagem o fez regressar ao seu pr\u00f3prio pa\u00eds em busca de apoio. Nascido em Riad, na Ar\u00e1bia Saudita, em 29 de outubro de 1982, al-Sharaa \u00e9 conhecido por seu nome de guerra Abu Mohammad al-Julani. Filho de exilados s\u00edrios, sua fam\u00edlia retornou \u00e0 S\u00edria no final dos anos 1980, quando ele era crian\u00e7a.\n<\/p>\n<p>As visitas, por\u00e9m, assumem uma import\u00e2ncia estrat\u00e9gica n\u00e3o apenas para al-Sharaa, mas tamb\u00e9m para a reconstru\u00e7\u00e3o da S\u00edria. O processo promete ser longo e complexo. O objetivo imediato de al-Sharaa \u00e9 fortalecer sua posi\u00e7\u00e3o como l\u00edder, buscando o reconhecimento de pot\u00eancias regionais, o que \u00e9 essencial para sua estabilidade pol\u00edtica.\n<\/p>\n<p>Antes de se tornar uma figura central na pol\u00edtica s\u00edria, al-Sharaa teve uma trajet\u00f3ria marcada por sua milit\u00e2ncia no entre grupos isl\u00e2micos terroristas. Ele foi, no in\u00edcio, emir da Frente Al-Nusra, bra\u00e7o s\u00edrio da Al-Qaeda, onde permaneceu at\u00e9 2016.\n<\/p>\n<p>Naquele per\u00edodo ele adotou o nome de guerra al-Julani, estabelecendo-se como um dos principais l\u00edderes da luta armada contra o regime de Bashar al-Assad, derrubado em 8 de dezembro \u00faltimo.\n<\/p>\n<p>Em 2017, ele se afastou da Al-Qaeda e se tornou o segundo emir do grupo Tahrir al-Sham, uma fac\u00e7\u00e3o jihadista que emergiu como uma das mais influentes na S\u00edria. No entanto, em janeiro de 2025, depois de seu grupo assumir o poder, ocorreram uma s\u00e9rie de mudan\u00e7as pol\u00edticas e uma nova configura\u00e7\u00e3o do regime s\u00edrio.\n<\/p>\n<p>Al-Sharaa ascendeu \u00e0 presid\u00eancia, iniciando uma nova fase em sua carreira pol\u00edtica. Em vez do terror como arma, ele busca associar sua imagem \u00e0s tentativas de reconstru\u00e7\u00e3o e de estabilidade para o pa\u00eds devastado pela guerra civil.\n<\/p>\n<p>O analista pol\u00edtico Boaz Shapira enfatizou que essas visitas s\u00e3o cruciais para al-Sharaa consolidar sua lideran\u00e7a e buscar apoio regional para a reconstru\u00e7\u00e3o do pa\u00eds. Ele relatou \u00e0 Alma:\n<\/p>\n<p>\u201cV\u00e1rios processos significativos est\u00e3o ocorrendo dentro desse quadro, incluindo o desmantelamento das organiza\u00e7\u00f5es rebeldes e a incorpora\u00e7\u00e3o de seus membros nos aparelhos de seguran\u00e7a do pa\u00eds, esfor\u00e7os diplom\u00e1ticos para consolidar e aumentar a legitimidade internacional da nova administra\u00e7\u00e3o, e tentativas de iniciar a reabilita\u00e7\u00e3o econ\u00f4mica do pa\u00eds.\u201d\n<\/p>\n<p>Interesses da Ar\u00e1bia Saudita e da Turquia na S\u00edria<br \/>Ao ser recebido por grandes figuras pol\u00edticas da regi\u00e3o, al-Sharaa d\u00e1 um passo importante para consolidar sua autoridade. A S\u00edria tem atra\u00eddo diversas visitas diplom\u00e1ticas, como a do emir do Catar, Tamim bin Hamad Al-Thani, que esteve em Damasco no final de janeiro.\n<\/p>\n<p>Al\u00e9m de garantir apoio pol\u00edtico, al-Sharaa tenta formar parcerias para o processo de reconstru\u00e7\u00e3o do pa\u00eds. Tal desafio, de acordo com especialistas, pode levar d\u00e9cadas e exigir investimentos que chegam a centenas de bilh\u00f5es de d\u00f3lares.\n<\/p>\n<p>O apoio de pa\u00edses como a Ar\u00e1bia Saudita e a Turquia n\u00e3o s\u00f3 aceleraria esse processo, como tamb\u00e9m poderia abrir caminho para a redu\u00e7\u00e3o das san\u00e7\u00f5es internacionais que hoje dificultam a recupera\u00e7\u00e3o econ\u00f4mica da S\u00edria.\n<\/p>\n<p>Do lado da Ar\u00e1bia Saudita e da Turquia, a visita \u00e9 interessante porque ambos est\u00e3o em uma disputa acirrada por influ\u00eancia na S\u00edria e no Oriente M\u00e9dio.\n<\/p>\n<p>Envolver-se diretamente na reabilita\u00e7\u00e3o da S\u00edria seria mais uma oportunidade de ampliar a influ\u00eancia destes pa\u00edses na regi\u00e3o. Principalmente por causa da perspectiva da entrada de bilh\u00f5es de d\u00f3lares, vindos da S\u00edria e de entidades internacionais, em investimentos em infraestrutura nos pr\u00f3ximos anos.\n<\/p>\n<p>Fonte: Revista Oeste              <\/p>\n<\/div>\n<p><br \/>\n<br \/><a href=\"https:\/\/diariodobrasilnoticias.com.br\/noticia\/o-presidente-da-siria-se-reune-com-os-lideres-da-turquia-e-da-arabia-saudita-67a529ba7bde7\">Source link <\/a><\/p>","protected":false},"excerpt":{"rendered":"<p>Na \u00faltima semana, Ahmed al-Sharaa, iniciou suas primeiras viagens oficiais como presidente da S\u00edria, marcando uma s\u00e9rie de encontros cruciais para o futuro pol\u00edtico e econ\u00f4mico do pa\u00eds. Sua jornada,&hellip;<\/p>","protected":false},"author":1,"featured_media":100054,"comment_status":"closed","ping_status":"open","sticky":false,"template":"","format":"standard","meta":{"content-type":"","footnotes":""},"categories":[16],"tags":[123,2448,5313,1267],"class_list":["post-100053","post","type-post","status-publish","format-standard","has-post-thumbnail","hentry","category-noticias","tag-brasil","tag-diario","tag-noticia","tag-noticias"],"_links":{"self":[{"href":"https:\/\/tvbrazilusa.com\/pt\/wp-json\/wp\/v2\/posts\/100053","targetHints":{"allow":["GET"]}}],"collection":[{"href":"https:\/\/tvbrazilusa.com\/pt\/wp-json\/wp\/v2\/posts"}],"about":[{"href":"https:\/\/tvbrazilusa.com\/pt\/wp-json\/wp\/v2\/types\/post"}],"author":[{"embeddable":true,"href":"https:\/\/tvbrazilusa.com\/pt\/wp-json\/wp\/v2\/users\/1"}],"replies":[{"embeddable":true,"href":"https:\/\/tvbrazilusa.com\/pt\/wp-json\/wp\/v2\/comments?post=100053"}],"version-history":[{"count":1,"href":"https:\/\/tvbrazilusa.com\/pt\/wp-json\/wp\/v2\/posts\/100053\/revisions"}],"predecessor-version":[{"id":100055,"href":"https:\/\/tvbrazilusa.com\/pt\/wp-json\/wp\/v2\/posts\/100053\/revisions\/100055"}],"wp:featuredmedia":[{"embeddable":true,"href":"https:\/\/tvbrazilusa.com\/pt\/wp-json\/wp\/v2\/media\/100054"}],"wp:attachment":[{"href":"https:\/\/tvbrazilusa.com\/pt\/wp-json\/wp\/v2\/media?parent=100053"}],"wp:term":[{"taxonomy":"category","embeddable":true,"href":"https:\/\/tvbrazilusa.com\/pt\/wp-json\/wp\/v2\/categories?post=100053"},{"taxonomy":"post_tag","embeddable":true,"href":"https:\/\/tvbrazilusa.com\/pt\/wp-json\/wp\/v2\/tags?post=100053"}],"curies":[{"name":"wp","href":"https:\/\/api.w.org\/{rel}","templated":true}]}}