{"id":100100,"date":"2025-02-07T02:18:15","date_gmt":"2025-02-07T02:18:15","guid":{"rendered":"https:\/\/tvbrazilusa.com\/2025\/02\/07\/a-expectativa-e-que-o-preco-do-cafe-suba-ate-25-nos-proximos-meses\/"},"modified":"2025-02-07T02:18:16","modified_gmt":"2025-02-07T02:18:16","slug":"a-expectativa-e-que-o-preco-do-cafe-suba-ate-25-nos-proximos-meses","status":"publish","type":"post","link":"https:\/\/tvbrazilusa.com\/pt\/2025\/02\/07\/a-expectativa-e-que-o-preco-do-cafe-suba-ate-25-nos-proximos-meses\/","title":{"rendered":"A expectativa \u00e9 que o pre\u00e7o do caf\u00e9 suba at\u00e9 25% nos pr\u00f3ximos meses"},"content":{"rendered":"<p> <script async src=\"https:\/\/pagead2.googlesyndication.com\/pagead\/js\/adsbygoogle.js?client=ca-pub-8864793242727901\"\r\n     crossorigin=\"anonymous\"><\/script><br \/>\n<\/p>\n<div id=\"taboola-read-more\" style=\"display:block; width:100%\">\n<p>Nesta quinta-feira (6), a Associa\u00e7\u00e3o Brasileira da Ind\u00fastria do Caf\u00e9 (Abic) informou que o pre\u00e7o do caf\u00e9 deve aumentar entre 20% e 25% no curto prazo. O motivo \u00e9 a expectativa de uma safra maior em 2026. A alta deve ocorrer nos pr\u00f3ximos meses, com queda prevista a partir de setembro, quando a oferta crescer.\n<\/p>\n<p>Em 2024, os caf\u00e9s tradicionais e extrafortes tiveram os maiores reajustes, com alta de 39,36%. Os caf\u00e9s superiores subiram 34,38%, os gourmets, 16,17%, e os especiais, 9,8%. J\u00e1 os caf\u00e9s em c\u00e1psula registraram aumento de 2,07%.<\/p>\n<p>Nos \u00faltimos quatro anos, o custo da mat\u00e9ria-prima subiu 224%, e o caf\u00e9 no varejo aumentou 110%. Em 2024, o pre\u00e7o do caf\u00e9 torrado e mo\u00eddo teve alta de 37,4%, acima da infla\u00e7\u00e3o da cesta b\u00e1sica, que foi de 2,7%.\n<\/p>\n<p>O setor faturou R$ 36,82 bilh\u00f5es em 2024, uma alta de 60,85% em rela\u00e7\u00e3o a 2023. O principal fator para esse crescimento foi o aumento do pre\u00e7o do caf\u00e9 nas prateleiras.\n<\/p>\n<p>Fonte: Pleno News              <\/p>\n<\/div>\n<p><br \/>\n<br \/><a href=\"https:\/\/diariodobrasilnoticias.com.br\/noticia\/a-expectativa-e-que-o-preco-do-cafe-suba-ate-25-nos-proximos-meses-67a5402603a51\">Source link <\/a><\/p>","protected":false},"excerpt":{"rendered":"<p>Nesta quinta-feira (6), a Associa\u00e7\u00e3o Brasileira da Ind\u00fastria do Caf\u00e9 (Abic) informou que o pre\u00e7o do caf\u00e9 deve aumentar entre 20% e 25% no curto prazo. O motivo \u00e9 a&hellip;<\/p>","protected":false},"author":1,"featured_media":100101,"comment_status":"closed","ping_status":"open","sticky":false,"template":"","format":"standard","meta":{"content-type":"","footnotes":""},"categories":[16],"tags":[123,2448,5313,1267],"class_list":["post-100100","post","type-post","status-publish","format-standard","has-post-thumbnail","hentry","category-noticias","tag-brasil","tag-diario","tag-noticia","tag-noticias"],"_links":{"self":[{"href":"https:\/\/tvbrazilusa.com\/pt\/wp-json\/wp\/v2\/posts\/100100","targetHints":{"allow":["GET"]}}],"collection":[{"href":"https:\/\/tvbrazilusa.com\/pt\/wp-json\/wp\/v2\/posts"}],"about":[{"href":"https:\/\/tvbrazilusa.com\/pt\/wp-json\/wp\/v2\/types\/post"}],"author":[{"embeddable":true,"href":"https:\/\/tvbrazilusa.com\/pt\/wp-json\/wp\/v2\/users\/1"}],"replies":[{"embeddable":true,"href":"https:\/\/tvbrazilusa.com\/pt\/wp-json\/wp\/v2\/comments?post=100100"}],"version-history":[{"count":1,"href":"https:\/\/tvbrazilusa.com\/pt\/wp-json\/wp\/v2\/posts\/100100\/revisions"}],"predecessor-version":[{"id":100102,"href":"https:\/\/tvbrazilusa.com\/pt\/wp-json\/wp\/v2\/posts\/100100\/revisions\/100102"}],"wp:featuredmedia":[{"embeddable":true,"href":"https:\/\/tvbrazilusa.com\/pt\/wp-json\/wp\/v2\/media\/100101"}],"wp:attachment":[{"href":"https:\/\/tvbrazilusa.com\/pt\/wp-json\/wp\/v2\/media?parent=100100"}],"wp:term":[{"taxonomy":"category","embeddable":true,"href":"https:\/\/tvbrazilusa.com\/pt\/wp-json\/wp\/v2\/categories?post=100100"},{"taxonomy":"post_tag","embeddable":true,"href":"https:\/\/tvbrazilusa.com\/pt\/wp-json\/wp\/v2\/tags?post=100100"}],"curies":[{"name":"wp","href":"https:\/\/api.w.org\/{rel}","templated":true}]}}