{"id":100106,"date":"2025-02-07T02:36:48","date_gmt":"2025-02-07T02:36:48","guid":{"rendered":"https:\/\/tvbrazilusa.com\/2025\/02\/07\/lei-da-cadeirinha-muda-em-2025-entenda\/"},"modified":"2025-02-07T02:36:49","modified_gmt":"2025-02-07T02:36:49","slug":"lei-da-cadeirinha-muda-em-2025-entenda","status":"publish","type":"post","link":"https:\/\/tvbrazilusa.com\/pt\/2025\/02\/07\/lei-da-cadeirinha-muda-em-2025-entenda\/","title":{"rendered":"Lei da cadeirinha muda em 2025; Entenda"},"content":{"rendered":"<p> <script async src=\"https:\/\/pagead2.googlesyndication.com\/pagead\/js\/adsbygoogle.js?client=ca-pub-8864793242727901\"\r\n     crossorigin=\"anonymous\"><\/script><br \/>\n<\/p>\n<div id=\"taboola-read-more\" style=\"display:block; width:100%\">\n<p>Criada pela Resolu\u00e7\u00e3o n\u00b0 277 do Contran e pela Lei n\u00b0 14.071\/2021, a Lei da Cadeirinha recebeu algumas altera\u00e7\u00f5es para 2025. Criada com o principal intuito garantir a seguran\u00e7a de crian\u00e7as transportadas dentro de ve\u00edculos, ela agora passa a ter regras mais claras e espec\u00edficas, especialmente em rela\u00e7\u00e3o \u00e0 altura das crian\u00e7as e ao uso do banco traseiro.\n<\/p>\n<p>O que aconteceu<\/p>\n<p>Agora, a regra estabelece que crian\u00e7as de at\u00e9 10 anos e 1,45 metro de altura devem sempre viajar no banco de tr\u00e1s, salvo em ve\u00edculos sem bancos traseiros &#8211; neste caso, o airbag do passageiro dever\u00e1 ser desabilitado. E tamb\u00e9m, define o tipo de dispositivo de seguran\u00e7a que deve ser usado de acordo com a faixa et\u00e1ria:\n<\/p>\n<p>Menores de 1 ano: beb\u00ea-conforto\n<\/p>\n<p>De 1 a 4 anos: cadeirinha\n<\/p>\n<p>De 4 a 10 anos e at\u00e9 1,45m de altura: assento de eleva\u00e7\u00e3o ou cinto de seguran\u00e7a no banco traseiro\n<\/p>\n<p>Ao optar por definir uma altura m\u00e1xima para o uso desses dispositivos, a Lei da Cadeirinha atualizada se tornou mais clara do que a anterior. Nela, o peso da crian\u00e7a era um fator determinante. J\u00e1 crian\u00e7as com mais de dez anos e altura superior a 1,45 m podem viajar no banco da frente dos carros, desde que usando cinto de seguran\u00e7a.\n<\/p>\n<p>No caso de descumprimento das normas, a infra\u00e7\u00e3o \u00e9 considerada grav\u00edssima, rendendo 7 pontos da CNH e multa de R$ 293,47. Esse valor pode chegar a R$ 880,41 caso a pessoa que conduz o carro possua um hist\u00f3rico de infra\u00e7\u00f5es ou reincid\u00eancias.\n<\/p>\n<p>Fonte: @96fmnatal              <\/p>\n<\/div>\n<p><br \/>\n<br \/><a href=\"https:\/\/diariodobrasilnoticias.com.br\/noticia\/lei-da-cadeirinha-muda-em-2025-entenda-67a54da6a30d8\">Source link <\/a><\/p>","protected":false},"excerpt":{"rendered":"<p>Criada pela Resolu\u00e7\u00e3o n\u00b0 277 do Contran e pela Lei n\u00b0 14.071\/2021, a Lei da Cadeirinha recebeu algumas altera\u00e7\u00f5es para 2025. Criada com o principal intuito garantir a seguran\u00e7a de&hellip;<\/p>","protected":false},"author":1,"featured_media":100107,"comment_status":"closed","ping_status":"open","sticky":false,"template":"","format":"standard","meta":{"content-type":"","footnotes":""},"categories":[16],"tags":[123,2448,5313,1267],"class_list":["post-100106","post","type-post","status-publish","format-standard","has-post-thumbnail","hentry","category-noticias","tag-brasil","tag-diario","tag-noticia","tag-noticias"],"_links":{"self":[{"href":"https:\/\/tvbrazilusa.com\/pt\/wp-json\/wp\/v2\/posts\/100106","targetHints":{"allow":["GET"]}}],"collection":[{"href":"https:\/\/tvbrazilusa.com\/pt\/wp-json\/wp\/v2\/posts"}],"about":[{"href":"https:\/\/tvbrazilusa.com\/pt\/wp-json\/wp\/v2\/types\/post"}],"author":[{"embeddable":true,"href":"https:\/\/tvbrazilusa.com\/pt\/wp-json\/wp\/v2\/users\/1"}],"replies":[{"embeddable":true,"href":"https:\/\/tvbrazilusa.com\/pt\/wp-json\/wp\/v2\/comments?post=100106"}],"version-history":[{"count":1,"href":"https:\/\/tvbrazilusa.com\/pt\/wp-json\/wp\/v2\/posts\/100106\/revisions"}],"predecessor-version":[{"id":100108,"href":"https:\/\/tvbrazilusa.com\/pt\/wp-json\/wp\/v2\/posts\/100106\/revisions\/100108"}],"wp:featuredmedia":[{"embeddable":true,"href":"https:\/\/tvbrazilusa.com\/pt\/wp-json\/wp\/v2\/media\/100107"}],"wp:attachment":[{"href":"https:\/\/tvbrazilusa.com\/pt\/wp-json\/wp\/v2\/media?parent=100106"}],"wp:term":[{"taxonomy":"category","embeddable":true,"href":"https:\/\/tvbrazilusa.com\/pt\/wp-json\/wp\/v2\/categories?post=100106"},{"taxonomy":"post_tag","embeddable":true,"href":"https:\/\/tvbrazilusa.com\/pt\/wp-json\/wp\/v2\/tags?post=100106"}],"curies":[{"name":"wp","href":"https:\/\/api.w.org\/{rel}","templated":true}]}}