{"id":100115,"date":"2025-02-07T03:13:45","date_gmt":"2025-02-07T03:13:45","guid":{"rendered":"https:\/\/tvbrazilusa.com\/2025\/02\/07\/idosos-podem-adquirir-carros-mais-baratos-com-nova-lei\/"},"modified":"2025-02-07T03:13:47","modified_gmt":"2025-02-07T03:13:47","slug":"idosos-podem-adquirir-carros-mais-baratos-com-nova-lei","status":"publish","type":"post","link":"https:\/\/tvbrazilusa.com\/pt\/2025\/02\/07\/idosos-podem-adquirir-carros-mais-baratos-com-nova-lei\/","title":{"rendered":"Idosos podem adquirir carros mais baratos com nova lei"},"content":{"rendered":"<p> <script async src=\"https:\/\/pagead2.googlesyndication.com\/pagead\/js\/adsbygoogle.js?client=ca-pub-8864793242727901\"\r\n     crossorigin=\"anonymous\"><\/script><br \/>\n<\/p>\n<div>\n<figure class=\"post-image\">\n<\/figure>\n<p>            <span style=\"font-size: 12px\">Reprodu\u00e7\u00e3o <\/span><\/p>\n<p>            <!-- end metas --><br \/>\n            <!-- ADS --><\/p>\n<div id=\"taboola-read-more\" style=\"display:block; width:100%\">\n<p><em>No Brasil, discute-se uma proposta que visa impactar significativamente o mercado automotivo e a vida dos idosos. Essa iniciativa prop\u00f5e a <strong>isen\u00e7\u00e3o do Imposto sobre Produtos Industrializados (IPI)<\/strong> para pessoas com 60 anos ou mais, facilitando a compra de ve\u00edculos novos por essa popula\u00e7\u00e3o. A medida, originalmente apresentada pelo ex-deputado Alexandre Frota como PL 2937\/2020, foi aprovada pela Comiss\u00e3o dos Direitos da Pessoa Idosa em 2021, mas ainda aguarda an\u00e1lise na C\u00e2mara dos Deputados.<\/em>\n<\/p>\n<p><em>A proposta sugere que a isen\u00e7\u00e3o ocorra a cada cinco anos, reduzindo os custos para idosos que desejam renovar seus autom\u00f3veis. Al\u00e9m de beneficiar diretamente esse grupo, a medida pretende impulsionar o setor automotivo, um dos pilares econ\u00f4micos do pa\u00eds. A isen\u00e7\u00e3o de IPI para idosos permitir\u00e1 que mais ve\u00edculos novos circulem, gerando emprego e fomentando a economia.<br \/><\/em><\/p>\n<p>A proposta sugere que a isen\u00e7\u00e3o ocorra a cada cinco anos, reduzindo os custos para idosos que desejam renovar seus autom\u00f3veis. Al\u00e9m de beneficiar diretamente esse grupo, a medida pretende impulsionar o setor automotivo, um dos pilares econ\u00f4micos do pa\u00eds. A isen\u00e7\u00e3o de IPI para idosos permitir\u00e1 que mais ve\u00edculos novos circulem, gerando emprego e fomentando a economia.\n<\/p>\n<h2 class=\"wp-block-heading\">Como a Isen\u00e7\u00e3o de IPI Impacta o Setor Automotivo?<\/h2>\n<p>Com a isen\u00e7\u00e3o do IPI para idosos, o setor automotivo poder\u00e1 experimentar um aumento nas vendas de carros novos. Atualmente, o mercado brasileiro j\u00e1 conta com isen\u00e7\u00f5es fiscais voltadas para pessoas com defici\u00eancia e condi\u00e7\u00f5es m\u00e9dicas espec\u00edficas, como artrite e Parkinson. Expandir a isen\u00e7\u00e3o para incluir idosos poder\u00e1 aumentar a circula\u00e7\u00e3o de carros novos, reconhecendo o papel dos idosos na sociedade e estimulando o consumo.\n<\/p>\n<p>\u00a0Fonte: Terra<\/p>\n<p><em>\u00a0<\/em>              <\/p>\n<\/div>\n<p>                        <!-- Scripts para conteudo --><\/p>\n<p>            <!-- .\/Scripts para conteudo --><br \/>\n            <!-- .\/Mat\u00e9ria --><\/p>\n<div class=\"row mt-3\">\n<div class=\"col-sm-6\">\n                <!-- Whatsapp channel 3--><br \/>\n                <a href=\"https:\/\/chat.whatsapp.com\/B8Qy6Erx4kb6yTzj3kaDco\" target=\"_blank\"><br \/>\n                  <img decoding=\"async\" src=\"https:\/\/diariodobrasilnoticias.com.br\/assets-site\/images\/bot_whatsapp.png\"\/><\/a>\n              <\/div>\n<div class=\"col-sm-6\">\n                <a href=\"https:\/\/t.me\/+_4gTmi5LKo03OTM5\" target=\"_blank\"><br \/>\n                  <img decoding=\"async\" src=\"https:\/\/diariodobrasilnoticias.com.br\/assets-site\/images\/bot_telegram.png\"\/><\/a>\n              <\/div>\n<\/p><\/div>\n<p>            <!-- end post-navigation --><\/p>\n<p>              <!-- end row --><\/p>\n<p>              <!-- end col-12-->\n                      <\/div>\n<p><br \/>\n<br \/><a href=\"https:\/\/diariodobrasilnoticias.com.br\/noticia\/idosos-podem-adquirir-carros-mais-baratos-com-nova-lei-67a5514f3c752\">Source link <\/a><\/p>","protected":false},"excerpt":{"rendered":"<p>Reprodu\u00e7\u00e3o No Brasil, discute-se uma proposta que visa impactar significativamente o mercado automotivo e a vida dos idosos. Essa iniciativa prop\u00f5e a isen\u00e7\u00e3o do Imposto sobre Produtos Industrializados (IPI) para&hellip;<\/p>","protected":false},"author":1,"featured_media":100116,"comment_status":"closed","ping_status":"open","sticky":false,"template":"","format":"standard","meta":{"content-type":"","footnotes":""},"categories":[16],"tags":[123,2448,5313,1267],"class_list":["post-100115","post","type-post","status-publish","format-standard","has-post-thumbnail","hentry","category-noticias","tag-brasil","tag-diario","tag-noticia","tag-noticias"],"_links":{"self":[{"href":"https:\/\/tvbrazilusa.com\/pt\/wp-json\/wp\/v2\/posts\/100115","targetHints":{"allow":["GET"]}}],"collection":[{"href":"https:\/\/tvbrazilusa.com\/pt\/wp-json\/wp\/v2\/posts"}],"about":[{"href":"https:\/\/tvbrazilusa.com\/pt\/wp-json\/wp\/v2\/types\/post"}],"author":[{"embeddable":true,"href":"https:\/\/tvbrazilusa.com\/pt\/wp-json\/wp\/v2\/users\/1"}],"replies":[{"embeddable":true,"href":"https:\/\/tvbrazilusa.com\/pt\/wp-json\/wp\/v2\/comments?post=100115"}],"version-history":[{"count":1,"href":"https:\/\/tvbrazilusa.com\/pt\/wp-json\/wp\/v2\/posts\/100115\/revisions"}],"predecessor-version":[{"id":100117,"href":"https:\/\/tvbrazilusa.com\/pt\/wp-json\/wp\/v2\/posts\/100115\/revisions\/100117"}],"wp:featuredmedia":[{"embeddable":true,"href":"https:\/\/tvbrazilusa.com\/pt\/wp-json\/wp\/v2\/media\/100116"}],"wp:attachment":[{"href":"https:\/\/tvbrazilusa.com\/pt\/wp-json\/wp\/v2\/media?parent=100115"}],"wp:term":[{"taxonomy":"category","embeddable":true,"href":"https:\/\/tvbrazilusa.com\/pt\/wp-json\/wp\/v2\/categories?post=100115"},{"taxonomy":"post_tag","embeddable":true,"href":"https:\/\/tvbrazilusa.com\/pt\/wp-json\/wp\/v2\/tags?post=100115"}],"curies":[{"name":"wp","href":"https:\/\/api.w.org\/{rel}","templated":true}]}}