{"id":100121,"date":"2025-02-07T05:37:34","date_gmt":"2025-02-07T05:37:34","guid":{"rendered":"https:\/\/tvbrazilusa.com\/2025\/02\/07\/gleyber-torres-responde-depois-que-brian-cashman-de-yankees\/"},"modified":"2025-02-07T05:59:09","modified_gmt":"2025-02-07T05:59:09","slug":"gleyber-torres-responde-depois-que-brian-cashman-de-yankees","status":"publish","type":"post","link":"https:\/\/tvbrazilusa.com\/pt\/2025\/02\/07\/gleyber-torres-responde-depois-que-brian-cashman-de-yankees\/","title":{"rendered":"Gleyber Torres responde depois que Brian Cashman, de Yankees"},"content":{"rendered":"<p> <script async src=\"https:\/\/pagead2.googlesyndication.com\/pagead\/js\/adsbygoogle.js?client=ca-pub-8864793242727901\"\r\n     crossorigin=\"anonymous\"><\/script><br \/>\n<\/p>\n<p>Quando o <a href=\"https:\/\/www.nj.com\/yankees\/\" target=\"_blank\">Yankees<\/a> Jazz Chisholm Jr. adquiriu antes do prazo comercial do ver\u00e3o passado, Gleyber Torres n\u00e3o escondeu sua relut\u00e2ncia em mudar de posi\u00e7\u00e3o e se mudar para a terceira base.<\/p>\n<p><br \/>\n<br \/><a href=\"https:\/\/www.nj.com\/yankees\/2025\/02\/gleyber-torres-responds-after-yankees-brian-cashman-says-he-was-unwilling-to-swap-positions.html\">Source link <\/a><\/p>","protected":false},"excerpt":{"rendered":"<p>Quando o Yankees Jazz Chisholm Jr. adquiriu antes do prazo comercial do ver\u00e3o passado, Gleyber Torres n\u00e3o escondeu sua relut\u00e2ncia em mudar de posi\u00e7\u00e3o e se mudar para a terceira&hellip;<\/p>","protected":false},"author":1,"featured_media":100122,"comment_status":"closed","ping_status":"open","sticky":false,"template":"","format":"standard","meta":{"content-type":"","footnotes":""},"categories":[1],"tags":[],"class_list":["post-100121","post","type-post","status-publish","format-standard","has-post-thumbnail","hentry","category-uncategorized"],"_links":{"self":[{"href":"https:\/\/tvbrazilusa.com\/pt\/wp-json\/wp\/v2\/posts\/100121","targetHints":{"allow":["GET"]}}],"collection":[{"href":"https:\/\/tvbrazilusa.com\/pt\/wp-json\/wp\/v2\/posts"}],"about":[{"href":"https:\/\/tvbrazilusa.com\/pt\/wp-json\/wp\/v2\/types\/post"}],"author":[{"embeddable":true,"href":"https:\/\/tvbrazilusa.com\/pt\/wp-json\/wp\/v2\/users\/1"}],"replies":[{"embeddable":true,"href":"https:\/\/tvbrazilusa.com\/pt\/wp-json\/wp\/v2\/comments?post=100121"}],"version-history":[{"count":1,"href":"https:\/\/tvbrazilusa.com\/pt\/wp-json\/wp\/v2\/posts\/100121\/revisions"}],"predecessor-version":[{"id":100123,"href":"https:\/\/tvbrazilusa.com\/pt\/wp-json\/wp\/v2\/posts\/100121\/revisions\/100123"}],"wp:featuredmedia":[{"embeddable":true,"href":"https:\/\/tvbrazilusa.com\/pt\/wp-json\/wp\/v2\/media\/100122"}],"wp:attachment":[{"href":"https:\/\/tvbrazilusa.com\/pt\/wp-json\/wp\/v2\/media?parent=100121"}],"wp:term":[{"taxonomy":"category","embeddable":true,"href":"https:\/\/tvbrazilusa.com\/pt\/wp-json\/wp\/v2\/categories?post=100121"},{"taxonomy":"post_tag","embeddable":true,"href":"https:\/\/tvbrazilusa.com\/pt\/wp-json\/wp\/v2\/tags?post=100121"}],"curies":[{"name":"wp","href":"https:\/\/api.w.org\/{rel}","templated":true}]}}