{"id":100186,"date":"2025-02-07T13:31:19","date_gmt":"2025-02-07T13:31:19","guid":{"rendered":"https:\/\/tvbrazilusa.com\/2025\/02\/07\/aviao-que-caiu-em-sp-esta-em-nome-de-empresa-de-porto-alegre-e-tinha-acabado-de-sair-da-manutencao\/"},"modified":"2025-02-07T13:31:20","modified_gmt":"2025-02-07T13:31:20","slug":"aviao-que-caiu-em-sp-esta-em-nome-de-empresa-de-porto-alegre-e-tinha-acabado-de-sair-da-manutencao","status":"publish","type":"post","link":"https:\/\/tvbrazilusa.com\/pt\/2025\/02\/07\/aviao-que-caiu-em-sp-esta-em-nome-de-empresa-de-porto-alegre-e-tinha-acabado-de-sair-da-manutencao\/","title":{"rendered":"Avi\u00e3o que caiu em SP est\u00e1 em nome de empresa de Porto Alegre e tinha acabado de sair da manuten\u00e7\u00e3o"},"content":{"rendered":"<p> <script async src=\"https:\/\/pagead2.googlesyndication.com\/pagead\/js\/adsbygoogle.js?client=ca-pub-8864793242727901\"\r\n     crossorigin=\"anonymous\"><\/script><br \/>\n<\/p>\n<div id=\"taboola-read-more\" style=\"display:block; width:100%\">\n<p>\u201cO avi\u00e3o de pequeno porte que caiu na manh\u00e3 desta sexta-feira (7) na avenida Marqu\u00eas de S\u00e3o Vicente, na Barra Funda, na Zona Oeste de S\u00e3o Paulo, est\u00e1 em nome da empresa M\u00e1xima Intelig\u00eancia Opera\u00e7\u00f5es e Empreendimentos, de Porto Alegre. De acordo com as primeiras informa\u00e7\u00f5es, a aeronave estava em manuten\u00e7\u00e3o e teria sido liberada para voo nesta manh\u00e3. A aeronave \u00e9 de propriedade do advogado ga\u00facho M\u00e1rcio Louzada Carpena\u201d.<\/p>\n<p>Fonte: Portal R7<\/p>\n<\/p><\/div>\n<p><br \/>\n<br \/><a href=\"https:\/\/diariodobrasilnoticias.com.br\/noticia\/aviao-que-caiu-em-sp-esta-em-nome-de-empresa-de-porto-alegre-e-tinha-acabado-de-sair-da-manutencao-67a606ec0af6c\">Source link <\/a><\/p>","protected":false},"excerpt":{"rendered":"<p>\u201cO avi\u00e3o de pequeno porte que caiu na manh\u00e3 desta sexta-feira (7) na avenida Marqu\u00eas de S\u00e3o Vicente, na Barra Funda, na Zona Oeste de S\u00e3o Paulo, est\u00e1 em nome&hellip;<\/p>","protected":false},"author":1,"featured_media":100187,"comment_status":"closed","ping_status":"open","sticky":false,"template":"","format":"standard","meta":{"content-type":"","footnotes":""},"categories":[16],"tags":[123,2448,5313,1267],"class_list":["post-100186","post","type-post","status-publish","format-standard","has-post-thumbnail","hentry","category-noticias","tag-brasil","tag-diario","tag-noticia","tag-noticias"],"_links":{"self":[{"href":"https:\/\/tvbrazilusa.com\/pt\/wp-json\/wp\/v2\/posts\/100186","targetHints":{"allow":["GET"]}}],"collection":[{"href":"https:\/\/tvbrazilusa.com\/pt\/wp-json\/wp\/v2\/posts"}],"about":[{"href":"https:\/\/tvbrazilusa.com\/pt\/wp-json\/wp\/v2\/types\/post"}],"author":[{"embeddable":true,"href":"https:\/\/tvbrazilusa.com\/pt\/wp-json\/wp\/v2\/users\/1"}],"replies":[{"embeddable":true,"href":"https:\/\/tvbrazilusa.com\/pt\/wp-json\/wp\/v2\/comments?post=100186"}],"version-history":[{"count":1,"href":"https:\/\/tvbrazilusa.com\/pt\/wp-json\/wp\/v2\/posts\/100186\/revisions"}],"predecessor-version":[{"id":100188,"href":"https:\/\/tvbrazilusa.com\/pt\/wp-json\/wp\/v2\/posts\/100186\/revisions\/100188"}],"wp:featuredmedia":[{"embeddable":true,"href":"https:\/\/tvbrazilusa.com\/pt\/wp-json\/wp\/v2\/media\/100187"}],"wp:attachment":[{"href":"https:\/\/tvbrazilusa.com\/pt\/wp-json\/wp\/v2\/media?parent=100186"}],"wp:term":[{"taxonomy":"category","embeddable":true,"href":"https:\/\/tvbrazilusa.com\/pt\/wp-json\/wp\/v2\/categories?post=100186"},{"taxonomy":"post_tag","embeddable":true,"href":"https:\/\/tvbrazilusa.com\/pt\/wp-json\/wp\/v2\/tags?post=100186"}],"curies":[{"name":"wp","href":"https:\/\/api.w.org\/{rel}","templated":true}]}}