{"id":100195,"date":"2025-02-07T14:02:28","date_gmt":"2025-02-07T14:02:28","guid":{"rendered":"https:\/\/tvbrazilusa.com\/2025\/02\/07\/advogado-comprou-aviao-que-caiu-em-sao-paulo-no-fim-do-ano-passado\/"},"modified":"2025-02-07T14:02:30","modified_gmt":"2025-02-07T14:02:30","slug":"advogado-comprou-aviao-que-caiu-em-sao-paulo-no-fim-do-ano-passado","status":"publish","type":"post","link":"https:\/\/tvbrazilusa.com\/pt\/2025\/02\/07\/advogado-comprou-aviao-que-caiu-em-sao-paulo-no-fim-do-ano-passado\/","title":{"rendered":"Advogado comprou avi\u00e3o, que caiu em S\u00e3o Paulo, no fim do ano passado"},"content":{"rendered":"<p> <script async src=\"https:\/\/pagead2.googlesyndication.com\/pagead\/js\/adsbygoogle.js?client=ca-pub-8864793242727901\"\r\n     crossorigin=\"anonymous\"><\/script><br \/>\n<\/p>\n<div id=\"taboola-read-more\" style=\"display:block; width:100%\">\n<p>O advogado Ma\u0301rcio Louzada Carpena comprou o jatinho, modelo Beechcraft King Air F90, que caiu sobre um \u00f4nibus na Avenida Marqu\u00eas de S\u00e3o Vicente, no bairro da Barra Funda, zona oeste de S\u00e3o Paulo, na manh\u00e3 desta sexta-feira (7\/2), em dezembro do ano passado. Ele chegou a compartilhar a conquista com os seus 21 mil seguidores no Instagram.<\/p>\n<p>Em dezembro, Carpena divulgou que viajou com a fam\u00edlia para o Uruguai, \u00e0 bordo da aeronave. Em 9 de janeiro deste ano, voltou a publicar fotos dentro do jatinho. J\u00e1 na manh\u00e3 desta sexta-feira (7\/2), ele fez imagens uma hora antes do avi\u00e3o cair.<\/p>\n<p>A queda foi registrada por volta das 7h20, pr\u00f3ximo aos centros de treinamento do Palmeiras e do S\u00e3o Paulo. Segundo informa\u00e7\u00f5es preliminares do Corpo de Bombeiros, dois corpos foram encontrados carbonizados.<\/p>\n<p>O avi\u00e3o, um modelo King Air com capacidade para oito passageiros, decolou do aeroporto Campo de Marte, na zona norte da capital, com dois passageiros, e tinha como destino a cidade de Porto Alegre (RS).<\/p>\n<p>Fonte: Metr\u00f3poles<\/p>\n<\/p><\/div>\n<p><br \/>\n<br \/><a href=\"https:\/\/diariodobrasilnoticias.com.br\/noticia\/advogado-comprou-aviao-que-caiu-em-sao-paulo-no-fim-do-ano-passado-67a609d0d5fae\">Source link <\/a><\/p>","protected":false},"excerpt":{"rendered":"<p>O advogado Ma\u0301rcio Louzada Carpena comprou o jatinho, modelo Beechcraft King Air F90, que caiu sobre um \u00f4nibus na Avenida Marqu\u00eas de S\u00e3o Vicente, no bairro da Barra Funda, zona&hellip;<\/p>","protected":false},"author":1,"featured_media":100197,"comment_status":"closed","ping_status":"open","sticky":false,"template":"","format":"standard","meta":{"content-type":"","footnotes":""},"categories":[16],"tags":[123,2448,5313,1267],"class_list":["post-100195","post","type-post","status-publish","format-standard","has-post-thumbnail","hentry","category-noticias","tag-brasil","tag-diario","tag-noticia","tag-noticias"],"_links":{"self":[{"href":"https:\/\/tvbrazilusa.com\/pt\/wp-json\/wp\/v2\/posts\/100195","targetHints":{"allow":["GET"]}}],"collection":[{"href":"https:\/\/tvbrazilusa.com\/pt\/wp-json\/wp\/v2\/posts"}],"about":[{"href":"https:\/\/tvbrazilusa.com\/pt\/wp-json\/wp\/v2\/types\/post"}],"author":[{"embeddable":true,"href":"https:\/\/tvbrazilusa.com\/pt\/wp-json\/wp\/v2\/users\/1"}],"replies":[{"embeddable":true,"href":"https:\/\/tvbrazilusa.com\/pt\/wp-json\/wp\/v2\/comments?post=100195"}],"version-history":[{"count":1,"href":"https:\/\/tvbrazilusa.com\/pt\/wp-json\/wp\/v2\/posts\/100195\/revisions"}],"predecessor-version":[{"id":100199,"href":"https:\/\/tvbrazilusa.com\/pt\/wp-json\/wp\/v2\/posts\/100195\/revisions\/100199"}],"wp:featuredmedia":[{"embeddable":true,"href":"https:\/\/tvbrazilusa.com\/pt\/wp-json\/wp\/v2\/media\/100197"}],"wp:attachment":[{"href":"https:\/\/tvbrazilusa.com\/pt\/wp-json\/wp\/v2\/media?parent=100195"}],"wp:term":[{"taxonomy":"category","embeddable":true,"href":"https:\/\/tvbrazilusa.com\/pt\/wp-json\/wp\/v2\/categories?post=100195"},{"taxonomy":"post_tag","embeddable":true,"href":"https:\/\/tvbrazilusa.com\/pt\/wp-json\/wp\/v2\/tags?post=100195"}],"curies":[{"name":"wp","href":"https:\/\/api.w.org\/{rel}","templated":true}]}}