{"id":10023,"date":"2022-07-04T18:06:11","date_gmt":"2022-07-04T18:06:11","guid":{"rendered":"https:\/\/tvbrazilusa.com\/2022\/07\/04\/policia-avanca-na-investigacao-da-relacao-entre-pt-e-pcc-em-sao-paulo\/"},"modified":"2022-07-04T18:06:11","modified_gmt":"2022-07-04T18:06:11","slug":"policia-avanca-na-investigacao-da-relacao-entre-pt-e-pcc-em-sao-paulo","status":"publish","type":"post","link":"https:\/\/tvbrazilusa.com\/pt\/2022\/07\/04\/policia-avanca-na-investigacao-da-relacao-entre-pt-e-pcc-em-sao-paulo\/","title":{"rendered":"Pol\u00edcia avan\u00e7a na investiga\u00e7\u00e3o da rela\u00e7\u00e3o entre PT e PCC em S\u00e3o Paulo"},"content":{"rendered":"<p><iframe  width=\"580\" height=\"385\" src=\"https:\/\/www.youtube.com\/embed\/6tSGLudj9qA?modestbranding=1\" frameborder=\"0\" allowfullscreen><\/iframe><br \/>\n<br \/>Depois que veio \u00e0 tona as den\u00fancias de Marcos Val\u00e9rio sobre a liga\u00e7\u00e3o entre PT e PCC, a pol\u00edtica de SP avan\u00e7a nas investiga\u00e7\u00f5es do envolvimento de um vereador petista com o grupo criminoso.<\/p>\n<p>Leia tamb\u00e9m um artigo sobre as evid\u00eancias de liga\u00e7\u00e3o da esquerda e do PT com grupos criminosos da Am\u00e9rica Latina: <\/p>\n<p>Acessa material exclusivo no Ruschel Sem Filtro: <\/p>\n<p>Mat\u00e9ria da Folha citada no v\u00eddeo: <\/p>\n<p>Do Antagonista:  <\/p>\n<p>Da CNN:<br \/>\n<br \/><a href=\"https:\/\/www.youtube.com\/watch?v=6tSGLudj9qA\">source<\/a><\/p>","protected":false},"excerpt":{"rendered":"<p>Depois que veio \u00e0 tona as den\u00fancias de Marcos Val\u00e9rio sobre a liga\u00e7\u00e3o entre PT e PCC, a pol\u00edtica de SP avan\u00e7a nas investiga\u00e7\u00f5es do envolvimento de um vereador petista&hellip;<\/p>","protected":false},"author":1,"featured_media":10024,"comment_status":"","ping_status":"open","sticky":false,"template":"","format":"standard","meta":{"content-type":"","footnotes":""},"categories":[1],"tags":[],"class_list":["post-10023","post","type-post","status-publish","format-standard","has-post-thumbnail","hentry","category-uncategorized"],"_links":{"self":[{"href":"https:\/\/tvbrazilusa.com\/pt\/wp-json\/wp\/v2\/posts\/10023","targetHints":{"allow":["GET"]}}],"collection":[{"href":"https:\/\/tvbrazilusa.com\/pt\/wp-json\/wp\/v2\/posts"}],"about":[{"href":"https:\/\/tvbrazilusa.com\/pt\/wp-json\/wp\/v2\/types\/post"}],"author":[{"embeddable":true,"href":"https:\/\/tvbrazilusa.com\/pt\/wp-json\/wp\/v2\/users\/1"}],"replies":[{"embeddable":true,"href":"https:\/\/tvbrazilusa.com\/pt\/wp-json\/wp\/v2\/comments?post=10023"}],"version-history":[{"count":0,"href":"https:\/\/tvbrazilusa.com\/pt\/wp-json\/wp\/v2\/posts\/10023\/revisions"}],"wp:featuredmedia":[{"embeddable":true,"href":"https:\/\/tvbrazilusa.com\/pt\/wp-json\/wp\/v2\/media\/10024"}],"wp:attachment":[{"href":"https:\/\/tvbrazilusa.com\/pt\/wp-json\/wp\/v2\/media?parent=10023"}],"wp:term":[{"taxonomy":"category","embeddable":true,"href":"https:\/\/tvbrazilusa.com\/pt\/wp-json\/wp\/v2\/categories?post=10023"},{"taxonomy":"post_tag","embeddable":true,"href":"https:\/\/tvbrazilusa.com\/pt\/wp-json\/wp\/v2\/tags?post=10023"}],"curies":[{"name":"wp","href":"https:\/\/api.w.org\/{rel}","templated":true}]}}