{"id":100239,"date":"2025-02-07T15:34:40","date_gmt":"2025-02-07T15:34:40","guid":{"rendered":"https:\/\/tvbrazilusa.com\/2025\/02\/07\/proibir-revista-intima-pode-gerar-rebeliao-em-presidios-sem-aparelho-de-raio-x-afirma-moraes\/"},"modified":"2025-02-07T15:34:42","modified_gmt":"2025-02-07T15:34:42","slug":"proibir-revista-intima-pode-gerar-rebeliao-em-presidios-sem-aparelho-de-raio-x-afirma-moraes","status":"publish","type":"post","link":"https:\/\/tvbrazilusa.com\/pt\/2025\/02\/07\/proibir-revista-intima-pode-gerar-rebeliao-em-presidios-sem-aparelho-de-raio-x-afirma-moraes\/","title":{"rendered":"Proibir revista \u00edntima pode gerar rebeli\u00e3o em pres\u00eddios sem aparelho de raio-x, afirma Moraes"},"content":{"rendered":"<p> <script async src=\"https:\/\/pagead2.googlesyndication.com\/pagead\/js\/adsbygoogle.js?client=ca-pub-8864793242727901\"\r\n     crossorigin=\"anonymous\"><\/script><br \/>\n<\/p>\n<div id=\"taboola-read-more\" style=\"display:block; width:100%\">\n<p class=\"dark:base-text-neutral-high-400 base-text-[calc(theme(fontSize.xs)_*_var(--font-size,_1))] base-font-normal base-font-primary base-text-neutral-low-500 base-text-left\"><span class=\"b-article-body__text\">O ministro Alexandre de Moraes, do STF (Supremo Tribunal Federal), argumentou, nesta quinta-feira (6), que a proibi\u00e7\u00e3o de revista \u00edntima em pres\u00eddios pode provocar rebeli\u00f5es nas unidades prisionais que n\u00e3o tiverem aparelho de raio-X. Isso porque, nesses casos, a visita\u00e7\u00e3o poderia ser suspensa. \u201cAo gerar uma apreens\u00e3o quase geral, n\u00f3s vamos gerar uma sequ\u00eancia de rebeli\u00f5es. Se tem algo que gera rebeli\u00e3o \u00e9 quando se impede a visita\u201d, disse.<\/span>\n<\/p>\n<p class=\"dark:base-text-neutral-high-400 base-text-[calc(theme(fontSize.xs)_*_var(--font-size,_1))] base-font-normal base-font-primary base-text-neutral-low-500 base-text-left\"><span class=\"b-article-body__text\">A fala foi dita durante o voto do ministro no julgamento sobre a legalidade da revista \u00edntima vexat\u00f3ria nos pres\u00eddios para evitar a entrada de drogas, armas e celulares. Moraes votou para que a revista \u00edntima seja permitida, mas somente nos pres\u00eddios que n\u00e3o tiveram aparelho de raio-X, abrindo diverg\u00eancia.<\/span><\/p>\n<p class=\"dark:base-text-neutral-high-400 base-text-[calc(theme(fontSize.xs)_*_var(--font-size,_1))] base-font-normal base-font-primary base-text-neutral-low-500 base-text-left\"><span class=\"b-article-body__text\">A revista ainda dever\u00e1 ser realizada obrigatoriamente por agentes do mesmo sexo. Se houver recusa na visita, a administra\u00e7\u00e3o do pres\u00eddio poder\u00e1 impedir a entrada.<\/span>\n<\/p>\n<p class=\"dark:base-text-neutral-high-400 base-text-[calc(theme(fontSize.xs)_*_var(--font-size,_1))] base-font-normal base-font-primary base-text-neutral-low-500 base-text-left\"><span class=\"b-article-body__text\">Moraes tamb\u00e9m disse que as revistas superficiais de visitantes n\u00e3o t\u00eam efeito. O ministro afirmou que o n\u00famero de apreens\u00f5es de drogas, celulares, armas brancas e de fogo nos pres\u00eddios do pa\u00eds chegou a 625 mil nos \u00faltimos dois anos.<\/span>\n<\/p>\n<p class=\"dark:base-text-neutral-high-400 base-text-[calc(theme(fontSize.xs)_*_var(--font-size,_1))] base-font-normal base-font-primary base-text-neutral-low-500 base-text-left\"><span class=\"b-article-body__text\">\u201cEsse material jamais \u00e9 pego por revistas superficiais, quem vai visitar n\u00e3o coloca na bolsa, na cintura. Todas essas apreens\u00f5es s\u00e3o realizadas ou embaixo das roupas \u00edntimas ou nas cavidades do corpo. Revistas superficiais n\u00e3o servem para nada\u201d, afirmou.<\/span>\n<\/p>\n<h3 class=\"dark:base-text-neutral-high-400 base-text-md base-font-semibold base-font-primary base-text-neutral-low-500\">Julgamento suspenso<\/h3>\n<p class=\"dark:base-text-neutral-high-400 base-text-[calc(theme(fontSize.xs)_*_var(--font-size,_1))] base-font-normal base-font-primary base-text-neutral-low-500 base-text-left\"><span class=\"b-article-body__text\">Al\u00e9m de Moraes, o ministro Edson Fachin, relator da a\u00e7\u00e3o, tamb\u00e9m votou nesta quinta-feira (6). Ap\u00f3s os votos, o presidente do STF, Lu\u00eds Roberto Barroso, suspendeu o julgamento, que ser\u00e1 retomado na quarta-feira (12). Faltam os votos de nove ministros.<\/span>\n<\/p>\n<p class=\"dark:base-text-neutral-high-400 base-text-[calc(theme(fontSize.xs)_*_var(--font-size,_1))] base-font-normal base-font-primary base-text-neutral-low-500 base-text-left\"><span class=\"b-article-body__text\">A Corte julga um recurso do Minist\u00e9rio P\u00fablico para reverter a absolvi\u00e7\u00e3o de uma mulher flagrada tentando entrar em um pres\u00eddio de Porto Alegre com 96 gramas de maconha enrolados em um preservativo e acondicionados na vagina.<\/span>\n<\/p>\n<p class=\"dark:base-text-neutral-high-400 base-text-[calc(theme(fontSize.xs)_*_var(--font-size,_1))] base-font-normal base-font-primary base-text-neutral-low-500 base-text-left\"><span class=\"b-article-body__text\">Na primeira inst\u00e2ncia, ela foi condenada, mas a Defensoria P\u00fablica recorreu ao TJRS (Tribunal de Justi\u00e7a do Rio Grande do Sul), que a absolveu, por entender que o procedimento de revista \u00edntima foi ilegal.<\/span>\n<\/p>\n<p class=\"dark:base-text-neutral-high-400 base-text-[calc(theme(fontSize.xs)_*_var(--font-size,_1))] base-font-normal base-font-primary base-text-neutral-low-500 base-text-left\"><span class=\"b-article-body__text\">O ministro Fachin, relator do caso, reconheceu a ilegalidade das revistas \u00edntimas vexat\u00f3rias. No entendimento do ministro, durante a visita de parentes ou amigos de presos nas penitenci\u00e1rias, n\u00e3o poder\u00e1 ocorrer a retirada de roupas \u00edntimas para inspe\u00e7\u00e3o das cavidades corporais sem justificativa.<\/span>\n<\/p>\n<p class=\"dark:base-text-neutral-high-400 base-text-[calc(theme(fontSize.xs)_*_var(--font-size,_1))] base-font-normal base-font-primary base-text-neutral-low-500 base-text-left\">\u00a0\n<\/p>\n<p class=\"dark:base-text-neutral-high-400 base-text-[calc(theme(fontSize.xs)_*_var(--font-size,_1))] base-font-normal base-font-primary base-text-neutral-low-500 base-text-left\"><span class=\"b-article-body__text\">Fonte: R7<\/span>              <\/p>\n<\/div>\n<p><br \/>\n<br \/><a href=\"https:\/\/diariodobrasilnoticias.com.br\/noticia\/proibir-revista-intima-pode-gerar-rebeliao-em-presidios-sem-aparelho-de-raio-x-afirma-moraes-67a60db48172e\">Source link <\/a><\/p>","protected":false},"excerpt":{"rendered":"<p>O ministro Alexandre de Moraes, do STF (Supremo Tribunal Federal), argumentou, nesta quinta-feira (6), que a proibi\u00e7\u00e3o de revista \u00edntima em pres\u00eddios pode provocar rebeli\u00f5es nas unidades prisionais que n\u00e3o&hellip;<\/p>","protected":false},"author":1,"featured_media":100240,"comment_status":"closed","ping_status":"open","sticky":false,"template":"","format":"standard","meta":{"content-type":"","footnotes":""},"categories":[16],"tags":[123,2448,5313,1267],"class_list":["post-100239","post","type-post","status-publish","format-standard","has-post-thumbnail","hentry","category-noticias","tag-brasil","tag-diario","tag-noticia","tag-noticias"],"_links":{"self":[{"href":"https:\/\/tvbrazilusa.com\/pt\/wp-json\/wp\/v2\/posts\/100239","targetHints":{"allow":["GET"]}}],"collection":[{"href":"https:\/\/tvbrazilusa.com\/pt\/wp-json\/wp\/v2\/posts"}],"about":[{"href":"https:\/\/tvbrazilusa.com\/pt\/wp-json\/wp\/v2\/types\/post"}],"author":[{"embeddable":true,"href":"https:\/\/tvbrazilusa.com\/pt\/wp-json\/wp\/v2\/users\/1"}],"replies":[{"embeddable":true,"href":"https:\/\/tvbrazilusa.com\/pt\/wp-json\/wp\/v2\/comments?post=100239"}],"version-history":[{"count":1,"href":"https:\/\/tvbrazilusa.com\/pt\/wp-json\/wp\/v2\/posts\/100239\/revisions"}],"predecessor-version":[{"id":100241,"href":"https:\/\/tvbrazilusa.com\/pt\/wp-json\/wp\/v2\/posts\/100239\/revisions\/100241"}],"wp:featuredmedia":[{"embeddable":true,"href":"https:\/\/tvbrazilusa.com\/pt\/wp-json\/wp\/v2\/media\/100240"}],"wp:attachment":[{"href":"https:\/\/tvbrazilusa.com\/pt\/wp-json\/wp\/v2\/media?parent=100239"}],"wp:term":[{"taxonomy":"category","embeddable":true,"href":"https:\/\/tvbrazilusa.com\/pt\/wp-json\/wp\/v2\/categories?post=100239"},{"taxonomy":"post_tag","embeddable":true,"href":"https:\/\/tvbrazilusa.com\/pt\/wp-json\/wp\/v2\/tags?post=100239"}],"curies":[{"name":"wp","href":"https:\/\/api.w.org\/{rel}","templated":true}]}}