{"id":100248,"date":"2025-02-07T16:01:00","date_gmt":"2025-02-07T16:01:00","guid":{"rendered":"https:\/\/tvbrazilusa.com\/2025\/02\/07\/estados-unidos-apreendem-segundo-aviao-de-maduro-na-republica-dominicana\/"},"modified":"2025-02-07T16:01:02","modified_gmt":"2025-02-07T16:01:02","slug":"estados-unidos-apreendem-segundo-aviao-de-maduro-na-republica-dominicana","status":"publish","type":"post","link":"https:\/\/tvbrazilusa.com\/pt\/2025\/02\/07\/estados-unidos-apreendem-segundo-aviao-de-maduro-na-republica-dominicana\/","title":{"rendered":"Estados Unidos apreendem segundo avi\u00e3o de Maduro na Rep\u00fablica Dominicana"},"content":{"rendered":"<p> <script async src=\"https:\/\/pagead2.googlesyndication.com\/pagead\/js\/adsbygoogle.js?client=ca-pub-8864793242727901\"\r\n     crossorigin=\"anonymous\"><\/script><br \/>\n<\/p>\n<div id=\"taboola-read-more\" style=\"display:block; width:100%\">\n<p>Os Estados Unidos apreenderam, nesta quinta-feira (6\/2), o segundo avi\u00e3o presidencial da Venezuela. A opera\u00e7\u00e3o foi realizada na Rep\u00fablica Dominicana.<\/p>\n<p>Na quarta-feira (5\/2), o secret\u00e1rio de Estado dos EUA, Marco Rubio, j\u00e1 havia anunciado a inten\u00e7\u00e3o de reter a aeronave do governo da Venezuela. Em setembro de 2024, outro avi\u00e3o de Maduro tamb\u00e9m foi retido na Rep\u00fablica Dominicana.<\/p>\n<p>A opera\u00e7\u00e3o, conforme a imprensa internacional, foi autorizada pelo Departamento de Justi\u00e7a dos Estados Unidos. Assim como na apreens\u00e3o do primeiro avi\u00e3o, os EUA afirmaram que a compra da aeronave violava san\u00e7\u00f5es impostas \u00e0 Venezuela. O governo venezuelano ainda n\u00e3o se manifestou sobre o caso.<\/p>\n<p>O avi\u00e3o apreendido nesta quinta pelos EUA \u00e9 um Dassault Falcon 200. Ele era usado por Maduro e pelos principais assessores, incluindo o vice-presidente.<\/p>\n<p>EUA e Venezuela t\u00eam um hist\u00f3rico diplom\u00e1tico de embates nos \u00faltimos anos. No entanto, a rela\u00e7\u00e3o entre os pa\u00edses piorou ap\u00f3s as contestadas elei\u00e7\u00f5es venezuelanas em 2024. Maduro foi reeleito presidente, no entanto, seu governo n\u00e3o apresentou atas que serviriam de provas para o resultado do pleito<\/p>\n<p>Fonte: Metr\u00f3poles<\/p>\n<\/p><\/div>\n<p><br \/>\n<br \/><a href=\"https:\/\/diariodobrasilnoticias.com.br\/noticia\/estados-unidos-apreendem-segundo-aviao-de-maduro-na-republica-dominicana-67a612e376ce3\">Source link <\/a><\/p>","protected":false},"excerpt":{"rendered":"<p>Os Estados Unidos apreenderam, nesta quinta-feira (6\/2), o segundo avi\u00e3o presidencial da Venezuela. A opera\u00e7\u00e3o foi realizada na Rep\u00fablica Dominicana. Na quarta-feira (5\/2), o secret\u00e1rio de Estado dos EUA, Marco&hellip;<\/p>","protected":false},"author":1,"featured_media":100249,"comment_status":"closed","ping_status":"open","sticky":false,"template":"","format":"standard","meta":{"content-type":"","footnotes":""},"categories":[16],"tags":[123,2448,5313,1267],"class_list":["post-100248","post","type-post","status-publish","format-standard","has-post-thumbnail","hentry","category-noticias","tag-brasil","tag-diario","tag-noticia","tag-noticias"],"_links":{"self":[{"href":"https:\/\/tvbrazilusa.com\/pt\/wp-json\/wp\/v2\/posts\/100248","targetHints":{"allow":["GET"]}}],"collection":[{"href":"https:\/\/tvbrazilusa.com\/pt\/wp-json\/wp\/v2\/posts"}],"about":[{"href":"https:\/\/tvbrazilusa.com\/pt\/wp-json\/wp\/v2\/types\/post"}],"author":[{"embeddable":true,"href":"https:\/\/tvbrazilusa.com\/pt\/wp-json\/wp\/v2\/users\/1"}],"replies":[{"embeddable":true,"href":"https:\/\/tvbrazilusa.com\/pt\/wp-json\/wp\/v2\/comments?post=100248"}],"version-history":[{"count":1,"href":"https:\/\/tvbrazilusa.com\/pt\/wp-json\/wp\/v2\/posts\/100248\/revisions"}],"predecessor-version":[{"id":100250,"href":"https:\/\/tvbrazilusa.com\/pt\/wp-json\/wp\/v2\/posts\/100248\/revisions\/100250"}],"wp:featuredmedia":[{"embeddable":true,"href":"https:\/\/tvbrazilusa.com\/pt\/wp-json\/wp\/v2\/media\/100249"}],"wp:attachment":[{"href":"https:\/\/tvbrazilusa.com\/pt\/wp-json\/wp\/v2\/media?parent=100248"}],"wp:term":[{"taxonomy":"category","embeddable":true,"href":"https:\/\/tvbrazilusa.com\/pt\/wp-json\/wp\/v2\/categories?post=100248"},{"taxonomy":"post_tag","embeddable":true,"href":"https:\/\/tvbrazilusa.com\/pt\/wp-json\/wp\/v2\/tags?post=100248"}],"curies":[{"name":"wp","href":"https:\/\/api.w.org\/{rel}","templated":true}]}}