{"id":100257,"date":"2025-02-07T16:18:59","date_gmt":"2025-02-07T16:18:59","guid":{"rendered":"https:\/\/tvbrazilusa.com\/2025\/02\/07\/com-a-queda-na-aprovacao-de-lula-a-esquerda-comeca-a-se-movimentar-para-barrar-a-participacao-de-bolsonaro-nas-pesquisas-eleitorais-de-2026\/"},"modified":"2025-02-07T16:19:00","modified_gmt":"2025-02-07T16:19:00","slug":"com-a-queda-na-aprovacao-de-lula-a-esquerda-comeca-a-se-movimentar-para-barrar-a-participacao-de-bolsonaro-nas-pesquisas-eleitorais-de-2026","status":"publish","type":"post","link":"https:\/\/tvbrazilusa.com\/pt\/2025\/02\/07\/com-a-queda-na-aprovacao-de-lula-a-esquerda-comeca-a-se-movimentar-para-barrar-a-participacao-de-bolsonaro-nas-pesquisas-eleitorais-de-2026\/","title":{"rendered":"Com a queda na aprova\u00e7\u00e3o de Lula, a esquerda come\u00e7a a se movimentar para barrar a participa\u00e7\u00e3o de Bolsonaro nas pesquisas eleitorais de 2026"},"content":{"rendered":"<p> <script async src=\"https:\/\/pagead2.googlesyndication.com\/pagead\/js\/adsbygoogle.js?client=ca-pub-8864793242727901\"\r\n     crossorigin=\"anonymous\"><\/script><br \/>\n<\/p>\n<div id=\"taboola-read-more\" style=\"display:block; width:100%\">\n<p>O deputado federal M\u00e1rio Heringer (PDT-MG) protocolou na C\u00e2mara dos Deputados um projeto de lei que busca proibir a inclus\u00e3o de nomes de pessoas ineleg\u00edveis em pesquisas eleitorais.<\/p>\n<p>A proposta, de acordo com o portal Metr\u00f3poles, tem como alvo a atual situa\u00e7\u00e3o do ex-presidente Jair Bolsonaro, do PL, que foi declarado ineleg\u00edvel pelo Tribunal Superior Eleitoral (TSE). Caso o projeto seja aprovado, o nome de Bolsonaro n\u00e3o poderia ser testado em cen\u00e1rios de inten\u00e7\u00e3o de voto nas pesquisas.<\/p>\n<p>Heringer, apesar de n\u00e3o mencionar o nome Bolsonaro explicitamente em sua proposta, justifica a necessidade do projeto afirmando que as pesquisas de opini\u00e3o n\u00e3o devem incluir lideran\u00e7as que n\u00e3o t\u00eam possibilidade de se candidatar. Segundo o parlamentar, a legisla\u00e7\u00e3o eleitoral n\u00e3o pode ser desconsiderada diante do avan\u00e7o de for\u00e7as pol\u00edticas que, para ele, \u201crepresentam situa\u00e7\u00f5es eleitorais que jamais poder\u00e3o ocorrer na pr\u00e1tica\u201d devido \u00e0 inelegibilidade dos envolvidos.<\/p>\n<p>\u201cO projeto visa evitar a caducidade da legisla\u00e7\u00e3o eleitoral brasileira frente ao avan\u00e7o de for\u00e7as pol\u00edticas ex\u00f3ticas\u201d, sustenta Heringer, alegando que sondagens com nomes de ineleg\u00edveis n\u00e3o devem ser levadas adiante, uma vez que abrem margem para distor\u00e7\u00f5es no entendimento do cen\u00e1rio pol\u00edtico.<\/p>\n<p>Na mais recente pesquisa Quasest, divulgada na \u00faltima segunda-feira (3), o nome de Bolsonaro n\u00e3o foi inclu\u00eddo no levantamento estimulado, justamente por sua inelegibilidade. No entanto, no cen\u00e1rio espont\u00e2neo, Bolsonaro apareceu empatado com o presidente Luiz In\u00e1cio Lula da Silva, ambos com 9% das inten\u00e7\u00f5es de voto.<\/p>\n<p>Por outro lado, em pesquisas de outros institutos, como o Paran\u00e1 Pesquisas, Bolsonaro j\u00e1 aparece como l\u00edder nas inten\u00e7\u00f5es de voto para as elei\u00e7\u00f5es de 2026, com uma ampla vantagem sobre o atual presidente.<\/p>\n<p>Fonte: Conex\u00e3o Pol\u00edtica<\/p>\n<\/p><\/div>\n<p><br \/>\n<br \/><a href=\"https:\/\/diariodobrasilnoticias.com.br\/noticia\/com-a-queda-na-aprovacao-de-lula-a-esquerda-comeca-a-se-movimentar-para-barrar-a-participacao-de-bolsonaro-nas-pesquisas-eleitorais-de-2026-67a614d54c6ea\">Source link <\/a><\/p>","protected":false},"excerpt":{"rendered":"<p>O deputado federal M\u00e1rio Heringer (PDT-MG) protocolou na C\u00e2mara dos Deputados um projeto de lei que busca proibir a inclus\u00e3o de nomes de pessoas ineleg\u00edveis em pesquisas eleitorais. A proposta,&hellip;<\/p>","protected":false},"author":1,"featured_media":100258,"comment_status":"closed","ping_status":"open","sticky":false,"template":"","format":"standard","meta":{"content-type":"","footnotes":""},"categories":[16],"tags":[123,2448,5313,1267],"class_list":["post-100257","post","type-post","status-publish","format-standard","has-post-thumbnail","hentry","category-noticias","tag-brasil","tag-diario","tag-noticia","tag-noticias"],"_links":{"self":[{"href":"https:\/\/tvbrazilusa.com\/pt\/wp-json\/wp\/v2\/posts\/100257","targetHints":{"allow":["GET"]}}],"collection":[{"href":"https:\/\/tvbrazilusa.com\/pt\/wp-json\/wp\/v2\/posts"}],"about":[{"href":"https:\/\/tvbrazilusa.com\/pt\/wp-json\/wp\/v2\/types\/post"}],"author":[{"embeddable":true,"href":"https:\/\/tvbrazilusa.com\/pt\/wp-json\/wp\/v2\/users\/1"}],"replies":[{"embeddable":true,"href":"https:\/\/tvbrazilusa.com\/pt\/wp-json\/wp\/v2\/comments?post=100257"}],"version-history":[{"count":1,"href":"https:\/\/tvbrazilusa.com\/pt\/wp-json\/wp\/v2\/posts\/100257\/revisions"}],"predecessor-version":[{"id":100259,"href":"https:\/\/tvbrazilusa.com\/pt\/wp-json\/wp\/v2\/posts\/100257\/revisions\/100259"}],"wp:featuredmedia":[{"embeddable":true,"href":"https:\/\/tvbrazilusa.com\/pt\/wp-json\/wp\/v2\/media\/100258"}],"wp:attachment":[{"href":"https:\/\/tvbrazilusa.com\/pt\/wp-json\/wp\/v2\/media?parent=100257"}],"wp:term":[{"taxonomy":"category","embeddable":true,"href":"https:\/\/tvbrazilusa.com\/pt\/wp-json\/wp\/v2\/categories?post=100257"},{"taxonomy":"post_tag","embeddable":true,"href":"https:\/\/tvbrazilusa.com\/pt\/wp-json\/wp\/v2\/tags?post=100257"}],"curies":[{"name":"wp","href":"https:\/\/api.w.org\/{rel}","templated":true}]}}