{"id":100260,"date":"2025-02-07T16:31:16","date_gmt":"2025-02-07T16:31:16","guid":{"rendered":"https:\/\/tvbrazilusa.com\/2025\/02\/07\/cantor-potiguar-e-liberado-na-alemanha-apos-dois-anos-detido\/"},"modified":"2025-02-07T16:31:18","modified_gmt":"2025-02-07T16:31:18","slug":"cantor-potiguar-e-liberado-na-alemanha-apos-dois-anos-detido","status":"publish","type":"post","link":"https:\/\/tvbrazilusa.com\/pt\/2025\/02\/07\/cantor-potiguar-e-liberado-na-alemanha-apos-dois-anos-detido\/","title":{"rendered":"Cantor potiguar \u00e9 liberado na Alemanha ap\u00f3s dois anos detido"},"content":{"rendered":"<p> <script async src=\"https:\/\/pagead2.googlesyndication.com\/pagead\/js\/adsbygoogle.js?client=ca-pub-8864793242727901\"\r\n     crossorigin=\"anonymous\"><\/script><br \/>\n<\/p>\n<div id=\"taboola-read-more\" style=\"display:block; width:100%\">\n<p>O cantor e compositor potiguar Arleno Farias, preso na Alemanha desde 2022, acusado de abusar da ex-esposa enquanto ela dormia, foi solto nessa quinta-feira (6).<\/p>\n<p>Durante o per\u00edodo de deten\u00e7\u00e3o, Arleno utilizou as redes sociais para clamar por justi\u00e7a, alegando inoc\u00eancia e afirmando que sua ex-esposa, advogada, teria manipulado documentos para incrimin\u00e1-lo.<\/p>\n<p>Durante sua deten\u00e7\u00e3o, amigos e familiares, incluindo seu pai, o cantor Arnaldo Farias, organizaram campanhas de arrecada\u00e7\u00e3o de fundos para custear sua defesa legal.<\/p>\n<p>Na sa\u00edda da pris\u00e3o, segundo o blog S\u00e3o Rafael Not\u00edcias, Arleno recebeu apoio de brasileiros que vivem no pa\u00eds, como a artista pl\u00e1stica e escritora L\u00facia Hinz, que temb\u00e9m mobilizou recursos para custear assist\u00eancia jur\u00eddica e alimenta\u00e7\u00e3o, incluindo a realiza\u00e7\u00e3o de uma vaquinha online.<\/p>\n<p>Na sa\u00edda da pris\u00e3o, L\u00facia e grupo de colegas estiveram presentes para recepcion\u00e1-lo. O cantor ainda n\u00e3o se pronunciou publicamente sobre o caso ou seus pr\u00f3ximos passos\u201d.<\/p>\n<p>Arleno Farias \u00e9 conhecido por mesclar elementos do forr\u00f3 com influ\u00eancias modernas, sendo considerado o \u201cRapper do Sert\u00e3o\u201d. Natural de S\u00e3o Rafael, Rio Grande do Norte, ele \u00e9 filho do renomado m\u00fasico Arnaldo Farias. As informa\u00e7\u00f5es s\u00e3o de BZ Not\u00edcias.\n<\/p>\n<p>Fonte: @96fmnatal<\/p>\n<\/p><\/div>\n<p><br \/>\n<br \/><a href=\"https:\/\/diariodobrasilnoticias.com.br\/noticia\/cantor-potiguar-e-liberado-an-alemanha-apos-dois-anos-detido-67a6139757c60\">Source link <\/a><\/p>","protected":false},"excerpt":{"rendered":"<p>O cantor e compositor potiguar Arleno Farias, preso na Alemanha desde 2022, acusado de abusar da ex-esposa enquanto ela dormia, foi solto nessa quinta-feira (6). Durante o per\u00edodo de deten\u00e7\u00e3o,&hellip;<\/p>","protected":false},"author":1,"featured_media":100261,"comment_status":"closed","ping_status":"open","sticky":false,"template":"","format":"standard","meta":{"content-type":"","footnotes":""},"categories":[16],"tags":[123,2448,5313,1267],"class_list":["post-100260","post","type-post","status-publish","format-standard","has-post-thumbnail","hentry","category-noticias","tag-brasil","tag-diario","tag-noticia","tag-noticias"],"_links":{"self":[{"href":"https:\/\/tvbrazilusa.com\/pt\/wp-json\/wp\/v2\/posts\/100260","targetHints":{"allow":["GET"]}}],"collection":[{"href":"https:\/\/tvbrazilusa.com\/pt\/wp-json\/wp\/v2\/posts"}],"about":[{"href":"https:\/\/tvbrazilusa.com\/pt\/wp-json\/wp\/v2\/types\/post"}],"author":[{"embeddable":true,"href":"https:\/\/tvbrazilusa.com\/pt\/wp-json\/wp\/v2\/users\/1"}],"replies":[{"embeddable":true,"href":"https:\/\/tvbrazilusa.com\/pt\/wp-json\/wp\/v2\/comments?post=100260"}],"version-history":[{"count":1,"href":"https:\/\/tvbrazilusa.com\/pt\/wp-json\/wp\/v2\/posts\/100260\/revisions"}],"predecessor-version":[{"id":100262,"href":"https:\/\/tvbrazilusa.com\/pt\/wp-json\/wp\/v2\/posts\/100260\/revisions\/100262"}],"wp:featuredmedia":[{"embeddable":true,"href":"https:\/\/tvbrazilusa.com\/pt\/wp-json\/wp\/v2\/media\/100261"}],"wp:attachment":[{"href":"https:\/\/tvbrazilusa.com\/pt\/wp-json\/wp\/v2\/media?parent=100260"}],"wp:term":[{"taxonomy":"category","embeddable":true,"href":"https:\/\/tvbrazilusa.com\/pt\/wp-json\/wp\/v2\/categories?post=100260"},{"taxonomy":"post_tag","embeddable":true,"href":"https:\/\/tvbrazilusa.com\/pt\/wp-json\/wp\/v2\/tags?post=100260"}],"curies":[{"name":"wp","href":"https:\/\/api.w.org\/{rel}","templated":true}]}}