{"id":100266,"date":"2025-02-07T16:54:59","date_gmt":"2025-02-07T16:54:59","guid":{"rendered":"https:\/\/tvbrazilusa.com\/2025\/02\/07\/lula-pede-para-o-povo-nao-comprar-comida-cara-enquanto-usa-gravata-louis-vuitton-avaliada-em-r-16-mil-veja\/"},"modified":"2025-02-07T16:55:05","modified_gmt":"2025-02-07T16:55:05","slug":"lula-pede-para-o-povo-nao-comprar-comida-cara-enquanto-usa-gravata-louis-vuitton-avaliada-em-r-16-mil-veja","status":"publish","type":"post","link":"https:\/\/tvbrazilusa.com\/pt\/2025\/02\/07\/lula-pede-para-o-povo-nao-comprar-comida-cara-enquanto-usa-gravata-louis-vuitton-avaliada-em-r-16-mil-veja\/","title":{"rendered":"Lula pede para o povo &#8216;n\u00e3o comprar comida cara&#8217; enquanto usa gravata Louis Vuitton avaliada em R$ 1,6 mil; VEJA"},"content":{"rendered":"<p> <script async src=\"https:\/\/pagead2.googlesyndication.com\/pagead\/js\/adsbygoogle.js?client=ca-pub-8864793242727901\"\r\n     crossorigin=\"anonymous\"><\/script><br \/>\n<\/p>\n<div id=\"taboola-read-more\" style=\"display:block; width:100%\">\n<p>Durante a entrevista em que disse para a popula\u00e7\u00e3o n\u00e3o comprar comida cara, o presidente Luiz In\u00e1cio Lula da Silva utilizou uma gravata da grife francesa Louis Vuitton, cujo pre\u00e7o \u00e9 superior a R$ 1,6 mil.\n<\/p>\n<p>\u201cUma das coisas mais importantes para que a gente possa controlar o pre\u00e7o \u00e9 o pr\u00f3prio povo. Se voc\u00ea vai no supermercado e voc\u00ea desconfia que tal produto est\u00e1 caro, voc\u00ea n\u00e3o compra\u201d, disse Lula durante uma entrevista \u00e0s r\u00e1dios Itatiaia, Mundo Melhor e BandNews FM BH, de Minas Gerais.<\/p>\n<p>O presidente j\u00e1 usou outros acess\u00f3rios de luxo durante entrevistas e discursos realizados dentro da resid\u00eancia oficial da Granja do Torto, em Bras\u00edlia.\n<\/p>\n<p><strong>Janja comprou outra gravata de luxo para Lula em Portugal<\/strong><br \/>Lula possui uma s\u00e9rie de gravatas de marcas famosas. Uma delas, da grife italiana Ermenegildo Zegna, foi adquirida pela primeira-dama Janja da Silva durante uma viagem oficial em Portugal, no final de 2023. O pre\u00e7o oficial da pe\u00e7a \u00e9 superior a R$ mil.\n<\/p>\n<\/p>\n<p>\u201cCome\u00e7ando o dia de trabalho aqui em Portugal todo lindo de gravata nova\u201d , escreveu na \u00e9poca Janja em seu perfil no Twitter.\n<\/p>\n<p>A primeira-dama visitou a loja da Zegna na avenida da Liberdade, famosa na capital portuguesa por ter lojas de luxo como Prada e Louis Vuitton, e pr\u00f3ximo ao hotel onde casas se hospedou, o Tivoli.\n<\/p>\n<p>Lula mentiu sobre caneta de luxo<br \/>Na cerim\u00f4nia de posse, Lula utilizou uma caneta de luxo da marca Montblanc, cujo valor \u00e9 superior a R$ 6 mil.\n<\/p>\n<p>Fonte: Revista Oeste              <\/p>\n<\/div>\n<p><br \/>\n<br \/><a href=\"https:\/\/diariodobrasilnoticias.com.br\/noticia\/lula-pede-para-o-povo-nao-comprar-comida-cara-enquanto-usa-gravata-louis-vuitton-avaliada-em-r-1-6-mil-67a61b779de17\">Source link <\/a><\/p>","protected":false},"excerpt":{"rendered":"<p>Durante a entrevista em que disse para a popula\u00e7\u00e3o n\u00e3o comprar comida cara, o presidente Luiz In\u00e1cio Lula da Silva utilizou uma gravata da grife francesa Louis Vuitton, cujo pre\u00e7o&hellip;<\/p>","protected":false},"author":1,"featured_media":100267,"comment_status":"closed","ping_status":"open","sticky":false,"template":"","format":"standard","meta":{"content-type":"","footnotes":""},"categories":[16],"tags":[123,2448,5313,1267],"class_list":["post-100266","post","type-post","status-publish","format-standard","has-post-thumbnail","hentry","category-noticias","tag-brasil","tag-diario","tag-noticia","tag-noticias"],"_links":{"self":[{"href":"https:\/\/tvbrazilusa.com\/pt\/wp-json\/wp\/v2\/posts\/100266","targetHints":{"allow":["GET"]}}],"collection":[{"href":"https:\/\/tvbrazilusa.com\/pt\/wp-json\/wp\/v2\/posts"}],"about":[{"href":"https:\/\/tvbrazilusa.com\/pt\/wp-json\/wp\/v2\/types\/post"}],"author":[{"embeddable":true,"href":"https:\/\/tvbrazilusa.com\/pt\/wp-json\/wp\/v2\/users\/1"}],"replies":[{"embeddable":true,"href":"https:\/\/tvbrazilusa.com\/pt\/wp-json\/wp\/v2\/comments?post=100266"}],"version-history":[{"count":1,"href":"https:\/\/tvbrazilusa.com\/pt\/wp-json\/wp\/v2\/posts\/100266\/revisions"}],"predecessor-version":[{"id":100268,"href":"https:\/\/tvbrazilusa.com\/pt\/wp-json\/wp\/v2\/posts\/100266\/revisions\/100268"}],"wp:featuredmedia":[{"embeddable":true,"href":"https:\/\/tvbrazilusa.com\/pt\/wp-json\/wp\/v2\/media\/100267"}],"wp:attachment":[{"href":"https:\/\/tvbrazilusa.com\/pt\/wp-json\/wp\/v2\/media?parent=100266"}],"wp:term":[{"taxonomy":"category","embeddable":true,"href":"https:\/\/tvbrazilusa.com\/pt\/wp-json\/wp\/v2\/categories?post=100266"},{"taxonomy":"post_tag","embeddable":true,"href":"https:\/\/tvbrazilusa.com\/pt\/wp-json\/wp\/v2\/tags?post=100266"}],"curies":[{"name":"wp","href":"https:\/\/api.w.org\/{rel}","templated":true}]}}