{"id":100274,"date":"2025-02-07T17:06:11","date_gmt":"2025-02-07T17:06:11","guid":{"rendered":"https:\/\/tvbrazilusa.com\/2025\/02\/07\/os-democratas-podem-conquistar-o-principal-grupo-de-votacao-de-trump-top-democrata-diz\/"},"modified":"2025-02-07T17:18:36","modified_gmt":"2025-02-07T17:18:36","slug":"os-democratas-podem-conquistar-o-principal-grupo-de-votacao-de-trump-top-democrata-diz","status":"publish","type":"post","link":"https:\/\/tvbrazilusa.com\/pt\/2025\/02\/07\/os-democratas-podem-conquistar-o-principal-grupo-de-votacao-de-trump-top-democrata-diz\/","title":{"rendered":"Os democratas podem conquistar o principal grupo de vota\u00e7\u00e3o de Trump? Top Democrata diz &#8230;."},"content":{"rendered":"<script async src=\"https:\/\/pagead2.googlesyndication.com\/pagead\/js\/adsbygoogle.js?client=ca-pub-8864793242727901\"\r\n     crossorigin=\"anonymous\"><\/script>\n<div>\n<p class=\"article__paragraph article__paragraph--left\" id=\"MSG45RDT7NCGHK7P7X2SVZJKVQ\">O senador John Fetterman (D-Pa.) &#8220;N\u00e3o tem certeza&#8221; se os democratas podem recuperar esse principal grupo de vota\u00e7\u00e3o. <\/p>\n<p class=\"article__paragraph article__paragraph--left\" id=\"BVQSY4AQZJGJXACLFXYW7FJCEU\">Fetterman foi pressionado em uma entrevista com o apresentador Tara Palmeri no <a href=\"https:\/\/podcasts.apple.com\/us\/podcast\/somebodys-gotta-win-with-tara-palmeri\/id1111751047?i=1000689615920\" target=\"_blank\" rel=\"\">Podcast &#8220;Somebody&#8217;s Stopta Win&#8221;<\/a> sobre o que os democratas poderiam fazer para reconquistar os eleitores brancos do sexo masculino &#8211;<a href=\"https:\/\/www.usnews.com\/news\/national-news\/articles\/2024-11-06\/how-5-key-demographic-groups-helped-trump-win-the-2024-election\" target=\"_blank\" rel=\"\">um grupo que apoiou o presidente Donald Trump<\/a> nas elei\u00e7\u00f5es de 2024. Ele explicou que acreditava que os democratas conversavam com os eleitores durante a campanha nas elei\u00e7\u00f5es do outono passado. <\/p>\n<p class=\"article__paragraph article__paragraph--left\" id=\"QTI4CQXSXREWLKR6T4GTJ6XAWE\">&#8220;At\u00e9 as pessoas dentro do partido reconhecem que acho que a moeda principal deles estava envergonhando, repreendendo e conversando com as pessoas&#8221;, disse ele. E dizendo a eles: &#8216;Ei, eu sei melhor que voc\u00ea, ou voc\u00ea \u00e9 dopes, ou voc\u00ea \u00e9 um irm\u00e3o, ou \u00e9 ignorante ou, como pode ser t\u00e3o burro?&#8217; Eu n\u00e3o consigo imaginar isso. E ent\u00e3o, a prop\u00f3sito, eles s\u00e3o fascistas. Como voc\u00ea pode votar nisso? \u201d Ele disse. <\/p>\n<p class=\"article__paragraph article__paragraph--left\" id=\"OA5YYGQXJNDUPH3MG77QHAR4RA\">\u201cDescrevi que as 24 elei\u00e7\u00f5es n\u00e3o eram sobre tipos obscuros de pol\u00edticas. \u00c9 um tipo de voto, e eles v\u00e3o se perguntar, quem vai proteger ou projetar minha vis\u00e3o pessoal do modo de vida americano e quem \u00e9 a melhor correspond\u00eancia para o que acredito ser o modo de vida americano? E eu vou votar nessa pessoa. E \u00e9 por isso que acho que Trump venceu \u201d, acrescentou. <\/p>\n<p class=\"article__paragraph article__paragraph--left\" id=\"UWSM4ZVEDVBZTGLVFRM73SPJZQ\">Palmeri ent\u00e3o perguntou como os democratas poderiam reconquistar homens brancos. <\/p>\n<p class=\"article__paragraph article__paragraph--left\" id=\"XP5NNQGULRGHVFME7UXYASAL4Y\">&#8220;N\u00e3o sei. E sinceramente, n\u00e3o tenho certeza. N\u00e3o tenho certeza se isso \u00e9 poss\u00edvel. Para ser sincero, acho que isso est\u00e1 seriamente corro\u00eddo por um tempo \u201d, respondeu Fetterman. <\/p>\n<p class=\"article__paragraph article__paragraph--left\" id=\"AH25SD6RG5FOBEIHOSW42QXUGY\">\u201cOs homens s\u00e3o os culpados, ou sua masculinidade \u00e9 t\u00f3xica, ou se, a menos que voc\u00ea possa estar em conformidade com nossos tipos muito r\u00edgidos de defini\u00e7\u00e3o do que achamos apropriado, bem, &#8216;Ei, eu vou encontrar uma alternativa , e eles fizeram isso &#8230; e depois que meio que devolvemos as costas a esse grupo demogr\u00e1fico, ser\u00e1 dif\u00edcil reconstruir e substitu\u00ed -lo por esses eleitores, porque acho que a migra\u00e7\u00e3o est\u00e1 em andamento por v\u00e1rios anos , \u201dEle acrescentou. <\/p>\n<p class=\"article__paragraph article__paragraph--left\" id=\"UHHXTFTUM5GRVHIFTFBXKB3KL4\">Os coment\u00e1rios foram os primeiros <a href=\"https:\/\/www.mediaite.com\/politics\/fetterman-brands-dems-as-toxic-not-sure-they-can-win-white-men-back-primary-currency-was-shaming\/\" target=\"_blank\" rel=\"\">destacado por Mediaite.<\/a> <\/p>\n<p class=\"article__paragraph article__paragraph--left\" id=\"DOF6J63RRJEBNFKZ7KHUQZJKMY\">Fetterman tem sido um defensor sincero de Israel e muitas vezes est\u00e1 em desacordo com alguns membros do Partido Democrata. Ele apareceu <a href=\"https:\/\/www.nj.com\/politics\/2024\/11\/john-fetterman-explains-democrats-joe-rogan-problem.html\" target=\"_blank\" rel=\"\">Podcast de Joe Rogan<\/a> no outono passado e visitado <a href=\"https:\/\/www.nj.com\/politics\/2025\/01\/no-one-is-my-gatekeeper-this-dem-is-going-to-mar-a-lago-to-meet-trump.html\" target=\"_blank\" rel=\"\">Trump em Mar-A-Lago<\/a> em janeiro. Ele tamb\u00e9m votou em v\u00e1rios indicados ao gabinete de Trump. <\/p>\n<section class=\"Stories-By-Author-module_wrapper__ezbcK Stories-By-Author-module_nj__Ap1-Y\"\/>\n<p class=\"article__paragraph article__paragraph--left\" id=\"T4TEBVMNUZD3VEBTSHAKJZWKQI\"><i>Nosso jornalismo precisa do seu apoio. Por favor, inscreva -se hoje em <\/i><a href=\"https:\/\/www.nj.com\/\" target=\"_blank\" rel=\"\"><i><u>Nj.com<\/u><\/i><\/a><i>.<\/i><\/p>\n<\/div>\n<p><br \/>\n<br \/><a href=\"https:\/\/www.nj.com\/politics\/2025\/02\/can-democrats-win-over-trumps-key-voting-group-top-democrat-says.html\">Source link <\/a><\/p>","protected":false},"excerpt":{"rendered":"<p>O senador John Fetterman (D-Pa.) &#8220;N\u00e3o tem certeza&#8221; se os democratas podem recuperar esse principal grupo de vota\u00e7\u00e3o. Fetterman foi pressionado em uma entrevista com o apresentador Tara Palmeri no&hellip;<\/p>","protected":false},"author":1,"featured_media":100275,"comment_status":"closed","ping_status":"open","sticky":false,"template":"","format":"standard","meta":{"content-type":"","footnotes":""},"categories":[1],"tags":[],"class_list":["post-100274","post","type-post","status-publish","format-standard","has-post-thumbnail","hentry","category-uncategorized"],"_links":{"self":[{"href":"https:\/\/tvbrazilusa.com\/pt\/wp-json\/wp\/v2\/posts\/100274","targetHints":{"allow":["GET"]}}],"collection":[{"href":"https:\/\/tvbrazilusa.com\/pt\/wp-json\/wp\/v2\/posts"}],"about":[{"href":"https:\/\/tvbrazilusa.com\/pt\/wp-json\/wp\/v2\/types\/post"}],"author":[{"embeddable":true,"href":"https:\/\/tvbrazilusa.com\/pt\/wp-json\/wp\/v2\/users\/1"}],"replies":[{"embeddable":true,"href":"https:\/\/tvbrazilusa.com\/pt\/wp-json\/wp\/v2\/comments?post=100274"}],"version-history":[{"count":1,"href":"https:\/\/tvbrazilusa.com\/pt\/wp-json\/wp\/v2\/posts\/100274\/revisions"}],"predecessor-version":[{"id":100276,"href":"https:\/\/tvbrazilusa.com\/pt\/wp-json\/wp\/v2\/posts\/100274\/revisions\/100276"}],"wp:featuredmedia":[{"embeddable":true,"href":"https:\/\/tvbrazilusa.com\/pt\/wp-json\/wp\/v2\/media\/100275"}],"wp:attachment":[{"href":"https:\/\/tvbrazilusa.com\/pt\/wp-json\/wp\/v2\/media?parent=100274"}],"wp:term":[{"taxonomy":"category","embeddable":true,"href":"https:\/\/tvbrazilusa.com\/pt\/wp-json\/wp\/v2\/categories?post=100274"},{"taxonomy":"post_tag","embeddable":true,"href":"https:\/\/tvbrazilusa.com\/pt\/wp-json\/wp\/v2\/tags?post=100274"}],"curies":[{"name":"wp","href":"https:\/\/api.w.org\/{rel}","templated":true}]}}