{"id":100286,"date":"2025-02-07T17:49:05","date_gmt":"2025-02-07T17:49:05","guid":{"rendered":"https:\/\/tvbrazilusa.com\/2025\/02\/07\/saiba-quem-e-o-criminoso-acusado-de-pedofilia-que-se-disfarcava-como-personagem-do-filme-as-branquelas\/"},"modified":"2025-02-07T17:49:07","modified_gmt":"2025-02-07T17:49:07","slug":"saiba-quem-e-o-criminoso-acusado-de-pedofilia-que-se-disfarcava-como-personagem-do-filme-as-branquelas","status":"publish","type":"post","link":"https:\/\/tvbrazilusa.com\/pt\/2025\/02\/07\/saiba-quem-e-o-criminoso-acusado-de-pedofilia-que-se-disfarcava-como-personagem-do-filme-as-branquelas\/","title":{"rendered":"Saiba quem \u00e9 o criminoso acusado de pedofilia que se disfar\u00e7ava como personagem do filme As Branquelas"},"content":{"rendered":"<p> <script async src=\"https:\/\/pagead2.googlesyndication.com\/pagead\/js\/adsbygoogle.js?client=ca-pub-8864793242727901\"\r\n     crossorigin=\"anonymous\"><\/script><br \/>\n<\/p>\n<div>\n<figure class=\"post-image\">\n<\/figure>\n<p>            <span style=\"font-size: 12px\">Reprodu\u00e7\u00e3o<\/span><\/p>\n<p>            <!-- end metas --><br \/>\n            <!-- ADS --><\/p>\n<div id=\"taboola-read-more\" style=\"display:block; width:100%\">\n<p>O estudante de odontologia de 24 anos que foi preso em Manaus (AM), durante a Opera\u00e7\u00e3o Branquelas, \u00e9 Victor Philip Nogueira Farias (foto em destaque). A a\u00e7\u00e3o foi desencadeada pela Pol\u00edcia Civil do Amazonas (PCAM) na ter\u00e7a-feira (4\/2).\n<\/p>\n<p>O suspeito estava no \u00faltimo semestre do curso e costumava se vestir como um dos personagens principais do filme de com\u00e9dia americano As Branquelas, possivelmente para chamar a aten\u00e7\u00e3o e atrair as v\u00edtimas.<\/p>\n<p>De acordo com a PCAM, a apura\u00e7\u00e3o come\u00e7ou h\u00e1 sete meses, quando o celular do investigado foi encontrado em grande avenida de Manaus.\n<\/p>\n<p>Ap\u00f3s identificar que o celular pertencia a Victor Philip, a Delegacia Especializada de Prote\u00e7\u00e3o \u00e0 Crian\u00e7a e ao Adolescente (DEPCA) pediu \u00e0 Justi\u00e7a a quebra do sigilo telef\u00f4nico. Durante a per\u00edcia, os investigadores encontraram mais de 40 v\u00eddeos contendo pornografia infantil.\n<\/p>\n<p>A coluna Na Mira teve acesso a algumas conversas do universit\u00e1rio. Os prints mostram como ele agia para conseguir conte\u00fados pornogr\u00e1ficos de crian\u00e7as e adolescentes. No celular do investigado, tamb\u00e9m foram encontrados aplicativos com apologia a cultos sat\u00e2nicos.\n<\/p>\n<p>A coluna n\u00e3o localizou a defesa do estudante. O espa\u00e7o segue aberto para poss\u00edveis manifesta\u00e7\u00f5es.\n<\/p>\n<p>Fonte: Metr\u00f3poles              <\/p>\n<\/div>\n<p>                        <!-- Scripts para conteudo --><\/p>\n<p>            <!-- .\/Scripts para conteudo --><br \/>\n            <!-- .\/Mat\u00e9ria --><\/p>\n<div class=\"row mt-3\">\n<div class=\"col-sm-6\">\n                <!-- Whatsapp channel 3--><br \/>\n                <a href=\"https:\/\/chat.whatsapp.com\/B8Qy6Erx4kb6yTzj3kaDco\" target=\"_blank\"><br \/>\n                  <img decoding=\"async\" src=\"https:\/\/diariodobrasilnoticias.com.br\/assets-site\/images\/bot_whatsapp.png\"\/><\/a>\n              <\/div>\n<div class=\"col-sm-6\">\n                <a href=\"https:\/\/t.me\/+_4gTmi5LKo03OTM5\" target=\"_blank\"><br \/>\n                  <img decoding=\"async\" src=\"https:\/\/diariodobrasilnoticias.com.br\/assets-site\/images\/bot_telegram.png\"\/><\/a>\n              <\/div>\n<\/p><\/div>\n<p>            <!-- end post-navigation --><\/p>\n<p>              <!-- end row --><\/p>\n<p>              <!-- end col-12-->\n                      <\/div>\n<p><br \/>\n<br \/><a href=\"https:\/\/diariodobrasilnoticias.com.br\/noticia\/saiba-quem-e-o-criminoso-acusado-de-pedofilia-que-se-disfarcava-como-personagem-do-filme-as-branquelas-67a628e1e22b0\">Source link <\/a><\/p>","protected":false},"excerpt":{"rendered":"<p>Reprodu\u00e7\u00e3o O estudante de odontologia de 24 anos que foi preso em Manaus (AM), durante a Opera\u00e7\u00e3o Branquelas, \u00e9 Victor Philip Nogueira Farias (foto em destaque). A a\u00e7\u00e3o foi desencadeada&hellip;<\/p>","protected":false},"author":1,"featured_media":100287,"comment_status":"closed","ping_status":"open","sticky":false,"template":"","format":"standard","meta":{"content-type":"","footnotes":""},"categories":[16],"tags":[123,2448,5313,1267],"class_list":["post-100286","post","type-post","status-publish","format-standard","has-post-thumbnail","hentry","category-noticias","tag-brasil","tag-diario","tag-noticia","tag-noticias"],"_links":{"self":[{"href":"https:\/\/tvbrazilusa.com\/pt\/wp-json\/wp\/v2\/posts\/100286","targetHints":{"allow":["GET"]}}],"collection":[{"href":"https:\/\/tvbrazilusa.com\/pt\/wp-json\/wp\/v2\/posts"}],"about":[{"href":"https:\/\/tvbrazilusa.com\/pt\/wp-json\/wp\/v2\/types\/post"}],"author":[{"embeddable":true,"href":"https:\/\/tvbrazilusa.com\/pt\/wp-json\/wp\/v2\/users\/1"}],"replies":[{"embeddable":true,"href":"https:\/\/tvbrazilusa.com\/pt\/wp-json\/wp\/v2\/comments?post=100286"}],"version-history":[{"count":1,"href":"https:\/\/tvbrazilusa.com\/pt\/wp-json\/wp\/v2\/posts\/100286\/revisions"}],"predecessor-version":[{"id":100288,"href":"https:\/\/tvbrazilusa.com\/pt\/wp-json\/wp\/v2\/posts\/100286\/revisions\/100288"}],"wp:featuredmedia":[{"embeddable":true,"href":"https:\/\/tvbrazilusa.com\/pt\/wp-json\/wp\/v2\/media\/100287"}],"wp:attachment":[{"href":"https:\/\/tvbrazilusa.com\/pt\/wp-json\/wp\/v2\/media?parent=100286"}],"wp:term":[{"taxonomy":"category","embeddable":true,"href":"https:\/\/tvbrazilusa.com\/pt\/wp-json\/wp\/v2\/categories?post=100286"},{"taxonomy":"post_tag","embeddable":true,"href":"https:\/\/tvbrazilusa.com\/pt\/wp-json\/wp\/v2\/tags?post=100286"}],"curies":[{"name":"wp","href":"https:\/\/api.w.org\/{rel}","templated":true}]}}