{"id":100308,"date":"2025-02-07T18:55:53","date_gmt":"2025-02-07T18:55:53","guid":{"rendered":"https:\/\/tvbrazilusa.com\/2025\/02\/07\/lei-dos-retrovisores-sancionada-em-janeiro-ja-esta-valendo-no-brasil\/"},"modified":"2025-02-07T18:55:55","modified_gmt":"2025-02-07T18:55:55","slug":"lei-dos-retrovisores-sancionada-em-janeiro-ja-esta-valendo-no-brasil","status":"publish","type":"post","link":"https:\/\/tvbrazilusa.com\/pt\/2025\/02\/07\/lei-dos-retrovisores-sancionada-em-janeiro-ja-esta-valendo-no-brasil\/","title":{"rendered":"Lei dos retrovisores sancionada em janeiro j\u00e1 est\u00e1 valendo no Brasil"},"content":{"rendered":"<p> <script async src=\"https:\/\/pagead2.googlesyndication.com\/pagead\/js\/adsbygoogle.js?client=ca-pub-8864793242727901\"\r\n     crossorigin=\"anonymous\"><\/script><br \/>\n<\/p>\n<div id=\"taboola-read-more\" style=\"display:block; width:100%\">\n<p>O Conselho Nacional de Tr\u00e2nsito (Contran) atualizou as normas dos retrovisores em janeiro de 2024 para refor\u00e7ar a seguran\u00e7a no tr\u00e2nsito. As mudan\u00e7as visam reduzir os pontos cegos e melhorar a visibilidade dos motoristas.\n<\/p>\n<p>Essas atualiza\u00e7\u00f5es s\u00e3o particularmente focadas em ve\u00edculos escolares e os de transporte coletivo, mas todos os autom\u00f3veis foram inclu\u00eddos nas novas normas. A exig\u00eancia \u00e9 que todos eles atendam a padr\u00f5es espec\u00edficos de visibilidade para promover um tr\u00e2nsito mais seguro.<\/p>\n<p>Quais s\u00e3o as novas exig\u00eancias para retrovisores?<br \/>Com a nova legisla\u00e7\u00e3o, os retrovisores devem ser configurados para reduzir praticamente a zero as \u00e1reas que n\u00e3o podem ser vistas pelos motoristas. No caso dos ve\u00edculos escolares, isso \u00e9 crucial, j\u00e1 que alunos, muitas vezes menores, precisam estar vis\u00edveis a todo momento.\n<\/p>\n<p>Para ve\u00edculos de uso geral, os espelhos laterais devem agora apresentar uma superf\u00edcie m\u00ednima de 69 cm\u00b2 com a capacidade de acomodar um c\u00edrculo de 7,8 cm de di\u00e2metro. Tais especifica\u00e7\u00f5es t\u00eam a inten\u00e7\u00e3o de ampliar o campo de vis\u00e3o, prevenindo a ocorr\u00eancia de acidentes associados \u00e0 falta de visibilidade lateral.\n<\/p>\n<p>O que acontece se as normas n\u00e3o forem seguidas?<br \/>Desrespeitar as novas diretrizes pode resultar em puni\u00e7\u00f5es significativas. Motoristas que conduzem sem retrovisores adequados est\u00e3o sujeitos a multas de R$ 195,23 e poder\u00e3o perder cinco pontos na Carteira Nacional de Habilita\u00e7\u00e3o (CNH), tornando-se vulner\u00e1veis \u00e0 suspens\u00e3o do direito de dirigir em casos de reincid\u00eancia.\n<\/p>\n<h2 id=\"h-dicas-para-ajuste-eficiente-dos-retrovisores\" class=\"wp-block-heading\">Dicas para ajuste eficiente dos retrovisores<\/h2>\n<p>Para garantir que os retrovisores estejam devidamente ajustados, algumas orienta\u00e7\u00f5es podem ser seguidas:\n<\/p>\n<ul class=\"wp-block-list\">\n<li><strong>Retrovisor Interno:<\/strong>\u00a0deve permitir a vis\u00e3o completa do vidro traseiro.<\/li>\n<li><strong>Retrovisores Externos:<\/strong>\u00a0ajuste-os para que somente uma pequena por\u00e7\u00e3o do ve\u00edculo seja vis\u00edvel e maximize a vis\u00e3o da estrada.<\/li>\n<li><strong>Ajuste de Altura:<\/strong>\u00a0certifique-se de adequar a altura para sua estatura, especialmente em carros usados por diferentes motoristas.<\/li>\n<\/ul>\n<h2 id=\"h-beneficios-da-nova-legislacao-para-a-seguranca\" class=\"wp-block-heading\">Benef\u00edcios da nova legisla\u00e7\u00e3o para a seguran\u00e7a<\/h2>\n<p>A implementa\u00e7\u00e3o dessas normas proporciona uma melhoria significativa na seguran\u00e7a do tr\u00e2nsito. Com uma vis\u00e3o mais abrangente, os motoristas conseguem detectar riscos iminentes com mais facilidade, reduzindo a probabilidade de colis\u00f5es. No caso de ve\u00edculos escolares, a capacidade de observar todo o ambiente ao redor \u00e9 um avan\u00e7o importante para a seguran\u00e7a dos alunos durante o transporte di\u00e1rio.\n<\/p>\n<p>Portanto, a ades\u00e3o a essas novas diretrizes \u00e9 essencial para todos. Elas n\u00e3o s\u00f3 garantem uma condu\u00e7\u00e3o mais segura, mas tamb\u00e9m contribuem para uma conviv\u00eancia mais harmoniosa nas vias p\u00fablicas.<\/p>\n<p>Fonte: Perfil              <\/p>\n<\/div>\n<p><br \/>\n<br \/><a href=\"https:\/\/diariodobrasilnoticias.com.br\/noticia\/lei-dos-retrovisores-sancionada-em-janeiro-ja-esta-valendo-no-brasil-67a636813d69a\">Source link <\/a><\/p>","protected":false},"excerpt":{"rendered":"<p>O Conselho Nacional de Tr\u00e2nsito (Contran) atualizou as normas dos retrovisores em janeiro de 2024 para refor\u00e7ar a seguran\u00e7a no tr\u00e2nsito. As mudan\u00e7as visam reduzir os pontos cegos e melhorar&hellip;<\/p>","protected":false},"author":1,"featured_media":100309,"comment_status":"closed","ping_status":"open","sticky":false,"template":"","format":"standard","meta":{"content-type":"","footnotes":""},"categories":[16],"tags":[123,2448,5313,1267],"class_list":["post-100308","post","type-post","status-publish","format-standard","has-post-thumbnail","hentry","category-noticias","tag-brasil","tag-diario","tag-noticia","tag-noticias"],"_links":{"self":[{"href":"https:\/\/tvbrazilusa.com\/pt\/wp-json\/wp\/v2\/posts\/100308","targetHints":{"allow":["GET"]}}],"collection":[{"href":"https:\/\/tvbrazilusa.com\/pt\/wp-json\/wp\/v2\/posts"}],"about":[{"href":"https:\/\/tvbrazilusa.com\/pt\/wp-json\/wp\/v2\/types\/post"}],"author":[{"embeddable":true,"href":"https:\/\/tvbrazilusa.com\/pt\/wp-json\/wp\/v2\/users\/1"}],"replies":[{"embeddable":true,"href":"https:\/\/tvbrazilusa.com\/pt\/wp-json\/wp\/v2\/comments?post=100308"}],"version-history":[{"count":1,"href":"https:\/\/tvbrazilusa.com\/pt\/wp-json\/wp\/v2\/posts\/100308\/revisions"}],"predecessor-version":[{"id":100310,"href":"https:\/\/tvbrazilusa.com\/pt\/wp-json\/wp\/v2\/posts\/100308\/revisions\/100310"}],"wp:featuredmedia":[{"embeddable":true,"href":"https:\/\/tvbrazilusa.com\/pt\/wp-json\/wp\/v2\/media\/100309"}],"wp:attachment":[{"href":"https:\/\/tvbrazilusa.com\/pt\/wp-json\/wp\/v2\/media?parent=100308"}],"wp:term":[{"taxonomy":"category","embeddable":true,"href":"https:\/\/tvbrazilusa.com\/pt\/wp-json\/wp\/v2\/categories?post=100308"},{"taxonomy":"post_tag","embeddable":true,"href":"https:\/\/tvbrazilusa.com\/pt\/wp-json\/wp\/v2\/tags?post=100308"}],"curies":[{"name":"wp","href":"https:\/\/api.w.org\/{rel}","templated":true}]}}