{"id":100311,"date":"2025-02-07T19:08:36","date_gmt":"2025-02-07T19:08:36","guid":{"rendered":"https:\/\/tvbrazilusa.com\/2025\/02\/07\/justica-condena-virginia-apos-cliente-comprar-oculos-e-nao-receber\/"},"modified":"2025-02-07T19:08:37","modified_gmt":"2025-02-07T19:08:37","slug":"justica-condena-virginia-apos-cliente-comprar-oculos-e-nao-receber","status":"publish","type":"post","link":"https:\/\/tvbrazilusa.com\/pt\/2025\/02\/07\/justica-condena-virginia-apos-cliente-comprar-oculos-e-nao-receber\/","title":{"rendered":"Justi\u00e7a condena Virg\u00ednia ap\u00f3s cliente comprar \u00f3culos e n\u00e3o receber"},"content":{"rendered":"<p> <script async src=\"https:\/\/pagead2.googlesyndication.com\/pagead\/js\/adsbygoogle.js?client=ca-pub-8864793242727901\"\r\n     crossorigin=\"anonymous\"><\/script><br \/>\n<\/p>\n<div id=\"taboola-read-more\" style=\"display:block; width:100%\">\n<p>Virginia Fonseca foi condenada pelo Tribunal de Justi\u00e7a do Paran\u00e1 (TJ-PR) por promover um \u00f3culos de sol com o seu nome, que n\u00e3o foi entregue a uma consumidora de Maring\u00e1 (PR). A Justi\u00e7a entendeu que a influenciadora teve responsabilidade civil sobre a venda do item.\n<\/p>\n<p data-gtm-vis-recent-on-screen104869357_94=\"19096\" data-gtm-vis-first-on-screen104869357_94=\"19096\" data-gtm-vis-total-visible-time104869357_94=\"100\" data-gtm-vis-has-fired104869357_94=\"1\">A cliente adquiriu os \u00f3culos no dia 6 de abril de 2023, ap\u00f3s ver a publicidade do produto nas redes sociais de Virginia, que soma mais de 52 milh\u00f5es de seguidores no Instagram.<\/p>\n<div class=\"\">\n<p>A compra foi confirmada por e-mail, mas o produto nunca foi enviado. A consumidora buscou solu\u00e7\u00e3o junto ao Procon, por\u00e9m, sem sucesso, e decidiu acionar a Justi\u00e7a.\n<\/p>\n<div class=\"splide-container\">\n<div class=\"pre-slider\">\n<div class=\"splide__arrows\">\n<p>A decis\u00e3o judicial equiparou os \u201cpublis\u201d da influenciadora a an\u00fancios publicit\u00e1rios e destacou que sua reputa\u00e7\u00e3o gerou confian\u00e7a na consumidora.\n<\/p>\n<div class=\"m-wrapper-banner-video\">\n<div class=\"m-banner-video m-banner-wrap m-banner-rectangle m-publicity-content-middle\">\n<h4>Indeniza\u00e7\u00e3o<\/h4>\n<ul>\n<li>Inicialmente, a cliente pediu indeniza\u00e7\u00e3o de R$ 5.130, mas a Justi\u00e7a determinou o pagamento de R$ 4.130.<\/li>\n<li>Ap\u00f3s recurso da influenciadora, o valor foi reduzido para R$ 2.130. Al\u00e9m de Virginia, a empresa de hospedagem do site e um com\u00e9rcio de acess\u00f3rios tamb\u00e9m foram condenados.<\/li>\n<\/ul>\n<p>Fonte: Metr\u00f3poles\n<\/p>\n<\/div>\n<\/div>\n<\/div>\n<\/div>\n<\/div>\n<\/div><\/div>\n<p><br \/>\n<br \/><a href=\"https:\/\/diariodobrasilnoticias.com.br\/noticia\/justica-condena-virginia-apos-cliente-comprar-oculos-e-nao-receber-67a632d1be6a0\">Source link <\/a><\/p>","protected":false},"excerpt":{"rendered":"<p>Virginia Fonseca foi condenada pelo Tribunal de Justi\u00e7a do Paran\u00e1 (TJ-PR) por promover um \u00f3culos de sol com o seu nome, que n\u00e3o foi entregue a uma consumidora de Maring\u00e1&hellip;<\/p>","protected":false},"author":1,"featured_media":100312,"comment_status":"closed","ping_status":"open","sticky":false,"template":"","format":"standard","meta":{"content-type":"","footnotes":""},"categories":[16],"tags":[123,2448,5313,1267],"class_list":["post-100311","post","type-post","status-publish","format-standard","has-post-thumbnail","hentry","category-noticias","tag-brasil","tag-diario","tag-noticia","tag-noticias"],"_links":{"self":[{"href":"https:\/\/tvbrazilusa.com\/pt\/wp-json\/wp\/v2\/posts\/100311","targetHints":{"allow":["GET"]}}],"collection":[{"href":"https:\/\/tvbrazilusa.com\/pt\/wp-json\/wp\/v2\/posts"}],"about":[{"href":"https:\/\/tvbrazilusa.com\/pt\/wp-json\/wp\/v2\/types\/post"}],"author":[{"embeddable":true,"href":"https:\/\/tvbrazilusa.com\/pt\/wp-json\/wp\/v2\/users\/1"}],"replies":[{"embeddable":true,"href":"https:\/\/tvbrazilusa.com\/pt\/wp-json\/wp\/v2\/comments?post=100311"}],"version-history":[{"count":1,"href":"https:\/\/tvbrazilusa.com\/pt\/wp-json\/wp\/v2\/posts\/100311\/revisions"}],"predecessor-version":[{"id":100313,"href":"https:\/\/tvbrazilusa.com\/pt\/wp-json\/wp\/v2\/posts\/100311\/revisions\/100313"}],"wp:featuredmedia":[{"embeddable":true,"href":"https:\/\/tvbrazilusa.com\/pt\/wp-json\/wp\/v2\/media\/100312"}],"wp:attachment":[{"href":"https:\/\/tvbrazilusa.com\/pt\/wp-json\/wp\/v2\/media?parent=100311"}],"wp:term":[{"taxonomy":"category","embeddable":true,"href":"https:\/\/tvbrazilusa.com\/pt\/wp-json\/wp\/v2\/categories?post=100311"},{"taxonomy":"post_tag","embeddable":true,"href":"https:\/\/tvbrazilusa.com\/pt\/wp-json\/wp\/v2\/tags?post=100311"}],"curies":[{"name":"wp","href":"https:\/\/api.w.org\/{rel}","templated":true}]}}