{"id":100314,"date":"2025-02-07T19:21:21","date_gmt":"2025-02-07T19:21:21","guid":{"rendered":"https:\/\/tvbrazilusa.com\/2025\/02\/07\/adriane-galisteu-e-internada-em-hospital-de-sao-paulo\/"},"modified":"2025-02-07T19:21:22","modified_gmt":"2025-02-07T19:21:22","slug":"adriane-galisteu-e-internada-em-hospital-de-sao-paulo","status":"publish","type":"post","link":"https:\/\/tvbrazilusa.com\/pt\/2025\/02\/07\/adriane-galisteu-e-internada-em-hospital-de-sao-paulo\/","title":{"rendered":"Adriane Galisteu \u00e9 internada em hospital de S\u00e3o Paulo"},"content":{"rendered":"<p> <script async src=\"https:\/\/pagead2.googlesyndication.com\/pagead\/js\/adsbygoogle.js?client=ca-pub-8864793242727901\"\r\n     crossorigin=\"anonymous\"><\/script><br \/>\n<\/p>\n<div id=\"taboola-read-more\" style=\"display:block; width:100%\">\n<p>Rec\u00e9m-chegada ao Brasil depois de viagem pela Europa, Adriane Galisteu desembarcou diretamente no Hospital Albert Einstein, em S\u00e3o Paulo. Durante a viagem, a apresentadora de A Fazenda sentiu fortes dores. No entanto, buscou ajuda m\u00e9dica assim que pisou no pa\u00eds, nesta quinta-feira (6).\n<\/p>\n<p>\u201cParei pra fazer uns exames, porque ningu\u00e9m tem 39 de febre do nada. Tomei antibi\u00f3tico, t\u00f4 \u00f3tima, mas o m\u00e9dico pediu para dar uma olhadinha.\u201d<\/p>\n<p>Nos stories do Instagram, Adriane mostrou o primeiro atendimento, que aconteceu ainda na emerg\u00eancia: \u201cEsperando para ver o que vai acontecer. Estou bem, esperando os resultados dos exames.\u201d\n<\/p>\n<p>Infec\u00e7\u00e3o urin\u00e1ria grave<br \/>Na sequ\u00eancia, Galisteu deu detalhes do diagn\u00f3stico. \u201cInfec\u00e7\u00e3o urin\u00e1ria grave\u201d, contou, pouco antes de ser levada para o quarto, onde vai seguir internada.\n<\/p>\n<p>\u201cT\u00f4 s\u00f3 olhando o dia lindo ali fora. T\u00e1 me dando uma raiva. Uma raiva! Porque eu estou sem sintomas. Eu t\u00f4 bem e t\u00f4 nessa situa\u00e7\u00e3o aqui\u201d, pontuou.\n<\/p>\n<p>Por fim, Adriane Galisteu explicou que n\u00e3o imaginava ter de ficar hospitalizada. \u201cN\u00e3o deu tempo nem de chegar em casa, tirar a roupa da viagem, tomar um banho, escovar o dente, comer uma comida deliciosa\u2026 ai, meu Deus do c\u00e9u\u201d, encerrou.\n<\/p>\n<p>Com informa\u00e7\u00f5es de Metr\u00f3poles              <\/p>\n<\/div>\n<p><br \/>\n<br \/><a href=\"https:\/\/diariodobrasilnoticias.com.br\/noticia\/adriane-galisteu-e-internada-em-hospital-de-sao-paulo-67a636de63f7e\">Source link <\/a><\/p>","protected":false},"excerpt":{"rendered":"<p>Rec\u00e9m-chegada ao Brasil depois de viagem pela Europa, Adriane Galisteu desembarcou diretamente no Hospital Albert Einstein, em S\u00e3o Paulo. Durante a viagem, a apresentadora de A Fazenda sentiu fortes dores.&hellip;<\/p>","protected":false},"author":1,"featured_media":100315,"comment_status":"closed","ping_status":"open","sticky":false,"template":"","format":"standard","meta":{"content-type":"","footnotes":""},"categories":[16],"tags":[123,2448,5313,1267],"class_list":["post-100314","post","type-post","status-publish","format-standard","has-post-thumbnail","hentry","category-noticias","tag-brasil","tag-diario","tag-noticia","tag-noticias"],"_links":{"self":[{"href":"https:\/\/tvbrazilusa.com\/pt\/wp-json\/wp\/v2\/posts\/100314","targetHints":{"allow":["GET"]}}],"collection":[{"href":"https:\/\/tvbrazilusa.com\/pt\/wp-json\/wp\/v2\/posts"}],"about":[{"href":"https:\/\/tvbrazilusa.com\/pt\/wp-json\/wp\/v2\/types\/post"}],"author":[{"embeddable":true,"href":"https:\/\/tvbrazilusa.com\/pt\/wp-json\/wp\/v2\/users\/1"}],"replies":[{"embeddable":true,"href":"https:\/\/tvbrazilusa.com\/pt\/wp-json\/wp\/v2\/comments?post=100314"}],"version-history":[{"count":1,"href":"https:\/\/tvbrazilusa.com\/pt\/wp-json\/wp\/v2\/posts\/100314\/revisions"}],"predecessor-version":[{"id":100316,"href":"https:\/\/tvbrazilusa.com\/pt\/wp-json\/wp\/v2\/posts\/100314\/revisions\/100316"}],"wp:featuredmedia":[{"embeddable":true,"href":"https:\/\/tvbrazilusa.com\/pt\/wp-json\/wp\/v2\/media\/100315"}],"wp:attachment":[{"href":"https:\/\/tvbrazilusa.com\/pt\/wp-json\/wp\/v2\/media?parent=100314"}],"wp:term":[{"taxonomy":"category","embeddable":true,"href":"https:\/\/tvbrazilusa.com\/pt\/wp-json\/wp\/v2\/categories?post=100314"},{"taxonomy":"post_tag","embeddable":true,"href":"https:\/\/tvbrazilusa.com\/pt\/wp-json\/wp\/v2\/tags?post=100314"}],"curies":[{"name":"wp","href":"https:\/\/api.w.org\/{rel}","templated":true}]}}