{"id":10036,"date":"2024-07-27T15:31:03","date_gmt":"2024-07-27T15:31:03","guid":{"rendered":"https:\/\/tvbrazilusa.com\/2024\/07\/27\/todo-politico-ja-foi-chamado-de-ladrao-nos-temos-que-fazer-jus-a-todo-esse-xingamento-diz-lula-veja-video\/"},"modified":"2024-07-27T15:38:59","modified_gmt":"2024-07-27T15:38:59","slug":"todo-politico-ja-foi-chamado-de-ladrao-nos-temos-que-fazer-jus-a-todo-esse-xingamento-diz-lula-veja-video","status":"publish","type":"post","link":"https:\/\/tvbrazilusa.com\/pt\/2024\/07\/27\/todo-politico-ja-foi-chamado-de-ladrao-nos-temos-que-fazer-jus-a-todo-esse-xingamento-diz-lula-veja-video\/","title":{"rendered":"\u201cTodo politico j\u00e1 foi chamado de ladr\u00e3o, n\u00f3s temos que fazer jus a todo esse xingamento\u201d, diz Lula; VEJA V\u00cdDEO"},"content":{"rendered":"<p> <script async src=\"https:\/\/pagead2.googlesyndication.com\/pagead\/js\/adsbygoogle.js?client=ca-pub-8864793242727901\"\r\n     crossorigin=\"anonymous\"><\/script><br \/>\n<\/p>\n<div>\n<p>Foto: Reprodu\u00e7\u00e3o.<\/p>\n<p>Em tom pol\u00eamico, o presidente Lula afirmou nesta sexta-feira, 26, que \u201ctodo pol\u00edtico j\u00e1 foi chamado de ladr\u00e3o\u201d e que \u201cningu\u00e9m acredita que pol\u00edtico \u00e9 honesto\u201d. A declara\u00e7\u00e3o foi dada durante um discurso em que o petista discutiu as dificuldades enfrentadas durante campanhas eleitorais e a desconfian\u00e7a geral da popula\u00e7\u00e3o em rela\u00e7\u00e3o \u00e0 classe pol\u00edtica.<\/p>\n<p>Ao abordar as chamadas \u201cadversidades\u201d nas elei\u00e7\u00f5es, Lula tamb\u00e9m ressaltou que \u00e9 necess\u00e1rio que os pol\u00edticos \u201cfa\u00e7am jus a todo esse xingamento\u201d. Segundo ele, a principal forma de alcan\u00e7ar isso \u00e9, em primeiro lugar, sendo honesto. Al\u00e9m disso, \u00e9 preciso dar uma chance \u00e0queles que nunca tiveram oportunidade.<\/p>\n<h2 class=\"wp-block-heading\">As adversidades nas campanhas eleitorais<\/h2>\n<p>A afirma\u00e7\u00e3o de Lula sobre \u201ctodo pol\u00edtico j\u00e1 foi chamado de ladr\u00e3o\u201d reflete um sentimento comum de desconfian\u00e7a entre os eleitores. Durante as campanhas eleitorais, os candidatos frequentemente enfrentam acusa\u00e7\u00f5es de corrup\u00e7\u00e3o e comportamento anti\u00e9tico, o que pode minar a confian\u00e7a p\u00fablica e influenciar os resultados das elei\u00e7\u00f5es.<\/p>\n<p>Neste contexto, o presidente destacou que \u00e9 essencial que os pol\u00edticos n\u00e3o apenas se defendam dessas acusa\u00e7\u00f5es, mas adotem pr\u00e1ticas que demonstrem integridade e transpar\u00eancia. Segundo ele, o foco deve ser \u201cser honesto\u201d e \u201cdar uma chance \u00e0queles que nunca tiveram oportunidade\u201d.<\/p>\n<blockquote class=\"instagram-media\" data-instgrm-captioned=\"\" data-instgrm-permalink=\"https:\/\/www.instagram.com\/reel\/C97lvqoRfLM\/?utm_source=ig_embed&#038;utm_campaign=loading\" data-instgrm-version=\"14\" style=\" background:#FFF; border:0; border-radius:3px; box-shadow:0 0 1px 0 rgba(0,0,0,0.5),0 1px 10px 0 rgba(0,0,0,0.15); margin: 1px; max-width:540px; min-width:326px; padding:0; width:99.375%; width:-webkit-calc(100% - 2px); width:calc(100% - 2px);\"\/>\n<h2 class=\"wp-block-heading\">Por que a desconfian\u00e7a nos pol\u00edticos \u00e9 t\u00e3o comum?<\/h2>\n<p>Muitos fatores contribuem para a suspeita generalizada em rela\u00e7\u00e3o aos pol\u00edticos no Brasil. Esc\u00e2ndalos de corrup\u00e7\u00e3o, como o Mensal\u00e3o e a Opera\u00e7\u00e3o Lava Jato, expuseram pr\u00e1ticas ilegais e anti\u00e9ticas de v\u00e1rias figuras proeminentes no cen\u00e1rio pol\u00edtico nacional. Esses esc\u00e2ndalos acabaram por refor\u00e7ar a percep\u00e7\u00e3o de que a corrup\u00e7\u00e3o \u00e9 generalizada.<\/p>\n<p>A m\u00eddia tamb\u00e9m desempenha um papel importante ao trazer \u00e0 tona investiga\u00e7\u00f5es e den\u00fancias contra pol\u00edticos. Al\u00e9m disso, plataformas de m\u00eddia social ampliam essas informa\u00e7\u00f5es, muitas vezes de maneira sensacionalista, o que contribui para uma vis\u00e3o negativa da classe pol\u00edtica.<\/p>\n<h2 class=\"wp-block-heading\">Como reconquistar a confian\u00e7a dos eleitores?<\/h2>\n<p>Para muitos pol\u00edticos, reconquistar a confian\u00e7a do p\u00fablico pode parecer uma tarefa \u00e1rdua, mas n\u00e3o \u00e9 imposs\u00edvel. Um primeiro passo crucial \u00e9 a transpar\u00eancia. Pol\u00edticos podem divulgar suas finan\u00e7as e processos de tomada de decis\u00e3o de maneira clara e acess\u00edvel para todos os eleitores.<\/p>\n<p>Outra estrat\u00e9gia eficaz \u00e9 a implementa\u00e7\u00e3o de pol\u00edticas que promovem a participa\u00e7\u00e3o popular nas decis\u00f5es governamentais. Instrumentos como or\u00e7amentos participativos e conselhos comunit\u00e1rios podem ajudar a construir um relacionamento mais direto e transparente entre governo e cidad\u00e3os.<\/p>\n<h2 class=\"wp-block-heading\">O caminho para uma pol\u00edtica mais honesta<\/h2>\n<p>As palavras de Lula ecoam uma necessidade urgente de renova\u00e7\u00e3o na pol\u00edtica brasileira. \u201cN\u00f3s temos que fazer jus a todo esse xingamento\u201d, disse ele, enfatizando a import\u00e2ncia de integridade e oportunidade para os marginalizados. Ao adotarem essas pr\u00e1ticas, os pol\u00edticos podem come\u00e7ar a reconstruir a confian\u00e7a p\u00fablica e fomentar um ambiente eleitoral mais justo e transparente.<\/p>\n<p>Em \u00faltima an\u00e1lise, a verdadeira mudan\u00e7a vir\u00e1 de uma combina\u00e7\u00e3o de transpar\u00eancia, presta\u00e7\u00e3o de contas e um compromisso inabal\u00e1vel com a honestidade e equidade. S\u00f3 assim ser\u00e1 poss\u00edvel transformar a percep\u00e7\u00e3o dos eleitores e caminhar em dire\u00e7\u00e3o a um futuro pol\u00edtico mais brilhante e justo para todos.<\/p>\n<\/p><\/div>\n<p><script async src=\"\/\/www.instagram.com\/embed.js\"><\/script><br \/>\n<br \/><br \/>\n<br \/><a href=\"https:\/\/terrabrasilnoticias.com\/2024\/07\/todo-politico-ja-foi-chamado-de-ladrao-nos-temos-que-fazer-jus-a-todo-esse-xingamento-diz-lula-veja-video\/\">Source link <\/a><\/p>","protected":false},"excerpt":{"rendered":"<p>Foto: Reprodu\u00e7\u00e3o. Em tom pol\u00eamico, o presidente Lula afirmou nesta sexta-feira, 26, que \u201ctodo pol\u00edtico j\u00e1 foi chamado de ladr\u00e3o\u201d e que \u201cningu\u00e9m acredita que pol\u00edtico \u00e9 honesto\u201d. A declara\u00e7\u00e3o&hellip;<\/p>","protected":false},"author":1,"featured_media":10037,"comment_status":"closed","ping_status":"open","sticky":false,"template":"","format":"standard","meta":{"content-type":"","footnotes":""},"categories":[16],"tags":[],"class_list":["post-10036","post","type-post","status-publish","format-standard","has-post-thumbnail","hentry","category-noticias"],"_links":{"self":[{"href":"https:\/\/tvbrazilusa.com\/pt\/wp-json\/wp\/v2\/posts\/10036","targetHints":{"allow":["GET"]}}],"collection":[{"href":"https:\/\/tvbrazilusa.com\/pt\/wp-json\/wp\/v2\/posts"}],"about":[{"href":"https:\/\/tvbrazilusa.com\/pt\/wp-json\/wp\/v2\/types\/post"}],"author":[{"embeddable":true,"href":"https:\/\/tvbrazilusa.com\/pt\/wp-json\/wp\/v2\/users\/1"}],"replies":[{"embeddable":true,"href":"https:\/\/tvbrazilusa.com\/pt\/wp-json\/wp\/v2\/comments?post=10036"}],"version-history":[{"count":1,"href":"https:\/\/tvbrazilusa.com\/pt\/wp-json\/wp\/v2\/posts\/10036\/revisions"}],"predecessor-version":[{"id":10038,"href":"https:\/\/tvbrazilusa.com\/pt\/wp-json\/wp\/v2\/posts\/10036\/revisions\/10038"}],"wp:featuredmedia":[{"embeddable":true,"href":"https:\/\/tvbrazilusa.com\/pt\/wp-json\/wp\/v2\/media\/10037"}],"wp:attachment":[{"href":"https:\/\/tvbrazilusa.com\/pt\/wp-json\/wp\/v2\/media?parent=10036"}],"wp:term":[{"taxonomy":"category","embeddable":true,"href":"https:\/\/tvbrazilusa.com\/pt\/wp-json\/wp\/v2\/categories?post=10036"},{"taxonomy":"post_tag","embeddable":true,"href":"https:\/\/tvbrazilusa.com\/pt\/wp-json\/wp\/v2\/tags?post=10036"}],"curies":[{"name":"wp","href":"https:\/\/api.w.org\/{rel}","templated":true}]}}