{"id":100365,"date":"2025-02-07T21:57:57","date_gmt":"2025-02-07T21:57:57","guid":{"rendered":"https:\/\/tvbrazilusa.com\/2025\/02\/07\/o-hamas-divulga-os-nomes-dos-refens-israelenses-que-serao-libertados\/"},"modified":"2025-02-07T21:57:58","modified_gmt":"2025-02-07T21:57:58","slug":"o-hamas-divulga-os-nomes-dos-refens-israelenses-que-serao-libertados","status":"publish","type":"post","link":"https:\/\/tvbrazilusa.com\/pt\/2025\/02\/07\/o-hamas-divulga-os-nomes-dos-refens-israelenses-que-serao-libertados\/","title":{"rendered":"O Hamas divulga os nomes dos ref\u00e9ns israelenses que ser\u00e3o libertados"},"content":{"rendered":"<p> <script async src=\"https:\/\/pagead2.googlesyndication.com\/pagead\/js\/adsbygoogle.js?client=ca-pub-8864793242727901\"\r\n     crossorigin=\"anonymous\"><\/script><br \/>\n<\/p>\n<div id=\"taboola-read-more\" style=\"display:block; width:100%\">\n<p>Nesta sexta-feira (7), o porta-voz das Brigadas Al-Qassam do grupo terrorista Hamas, Abu Obeida, anunciou os nomes dos tr\u00eas ref\u00e9ns que ser\u00e3o liberados da Faixa de Gaza no s\u00e1bado, incluindo um com dupla nacionalidade, alem\u00e3 e israelense.\n<\/p>\n<p>Os cativos escolhidos s\u00e3o o alem\u00e3o-israelense Ohad Ben Ami, de 56 anos, sequestrado com sua esposa, Raz Ben Ami (agora liberta), do kibutz Beeri; Eli Sharabi, de 53 anos, que perdeu os filhos e esposa no ataque do Hamas ao mesmo kibutz em 7 de outubro de 2023; e Or Levy, de 34 anos, levado \u00e0 for\u00e7a no festival Nova.<\/p>\n<p>Em troca, um total de 183 prisioneiros e detidos palestinos ser\u00e3o liberados, embora ainda n\u00e3o se saiba quantos deles ser\u00e3o entregues na Cisjord\u00e2nia ocupada, devolvidos \u00e0 Faixa de Gaza ou deportados para outros pa\u00edses, como Turquia ou Egito.\n<\/p>\n<p>\u2013 Depois que a resist\u00eancia palestina entregou os nomes dos prisioneiros inimigos, 18 prisioneiros condenados \u00e0 pris\u00e3o perp\u00e9tua, 54 prisioneiros com senten\u00e7as pesadas e 111 prisioneiros da Faixa de Gaza que foram detidos ap\u00f3s o ataque de 7 de outubro ser\u00e3o liberados amanh\u00e3 como parte da primeira fase do acordo de troca \u2013 informou o Escrit\u00f3rio de Imprensa dos Prisioneiros do Hamas, em comunicado.\n<\/p>\n<p>O gabinete do primeiro-ministro israelense, Benjamin Netanyahu, confirmou em comunicado nesta sexta-feira que o servi\u00e7o nacional de intelig\u00eancia (Mossad) e o as For\u00e7as de Defesa de Israel (IDF, na sigla em ingl\u00eas) receberam a lista de sequestrados e disseram que as respectivas fam\u00edlias haviam sido informadas.\n<\/p>\n<p>A troca de s\u00e1bado ser\u00e1 a quinta desde o in\u00edcio do cessar-fogo em Gaza, em vigor desde 19 de janeiro, gra\u00e7as ao qual 18 outros ref\u00e9ns (incluindo cinco tailandeses n\u00e3o inclu\u00eddos originalmente na primeira fase do pacto) j\u00e1 foram liberados em troca de cerca de 600 palestinos.\n<\/p>\n<p>No entanto, al\u00e9m dos 33 ref\u00e9ns que devem ser liberados at\u00e9 1\u00ba de mar\u00e7o, somente por meio de novas negocia\u00e7\u00f5es os militares israelenses do sexo masculino e aqueles com idade entre 19 e 50 anos poder\u00e3o deixar Gaza na segunda fase, algo que os parentes dos prisioneiros imploram a Netanyahu para que aconte\u00e7a.\n<\/p>\n<p>\u2013 Temos o dever sagrado e o direito moral de trazer todos os nossos irm\u00e3os e irm\u00e3s para casa. N\u00e3o desistiremos nem pararemos at\u00e9 que todos os ref\u00e9ns sejam devolvidos, segundo o acordo, at\u00e9 o \u00faltimo deles: os vivos para recupera\u00e7\u00e3o e os mortos para um enterro adequado \u2013 disse o F\u00f3rum de Ref\u00e9ns e Familiares de Desaparecidos, o principal defensor do acordo de liberta\u00e7\u00e3o de ref\u00e9ns, ap\u00f3s o an\u00fancio com os nomes dos tr\u00eas cativos.\n<\/p>\n<p>Fonte: Pleno News              <\/p>\n<\/div>\n<p><br \/>\n<br \/><a href=\"https:\/\/diariodobrasilnoticias.com.br\/noticia\/o-hamas-divulga-os-nomes-dos-refens-israelenses-que-serao-libertados-67a65e6460a60\">Source link <\/a><\/p>","protected":false},"excerpt":{"rendered":"<p>Nesta sexta-feira (7), o porta-voz das Brigadas Al-Qassam do grupo terrorista Hamas, Abu Obeida, anunciou os nomes dos tr\u00eas ref\u00e9ns que ser\u00e3o liberados da Faixa de Gaza no s\u00e1bado, incluindo&hellip;<\/p>","protected":false},"author":1,"featured_media":100366,"comment_status":"closed","ping_status":"open","sticky":false,"template":"","format":"standard","meta":{"content-type":"","footnotes":""},"categories":[16],"tags":[123,2448,5313,1267],"class_list":["post-100365","post","type-post","status-publish","format-standard","has-post-thumbnail","hentry","category-noticias","tag-brasil","tag-diario","tag-noticia","tag-noticias"],"_links":{"self":[{"href":"https:\/\/tvbrazilusa.com\/pt\/wp-json\/wp\/v2\/posts\/100365","targetHints":{"allow":["GET"]}}],"collection":[{"href":"https:\/\/tvbrazilusa.com\/pt\/wp-json\/wp\/v2\/posts"}],"about":[{"href":"https:\/\/tvbrazilusa.com\/pt\/wp-json\/wp\/v2\/types\/post"}],"author":[{"embeddable":true,"href":"https:\/\/tvbrazilusa.com\/pt\/wp-json\/wp\/v2\/users\/1"}],"replies":[{"embeddable":true,"href":"https:\/\/tvbrazilusa.com\/pt\/wp-json\/wp\/v2\/comments?post=100365"}],"version-history":[{"count":1,"href":"https:\/\/tvbrazilusa.com\/pt\/wp-json\/wp\/v2\/posts\/100365\/revisions"}],"predecessor-version":[{"id":100367,"href":"https:\/\/tvbrazilusa.com\/pt\/wp-json\/wp\/v2\/posts\/100365\/revisions\/100367"}],"wp:featuredmedia":[{"embeddable":true,"href":"https:\/\/tvbrazilusa.com\/pt\/wp-json\/wp\/v2\/media\/100366"}],"wp:attachment":[{"href":"https:\/\/tvbrazilusa.com\/pt\/wp-json\/wp\/v2\/media?parent=100365"}],"wp:term":[{"taxonomy":"category","embeddable":true,"href":"https:\/\/tvbrazilusa.com\/pt\/wp-json\/wp\/v2\/categories?post=100365"},{"taxonomy":"post_tag","embeddable":true,"href":"https:\/\/tvbrazilusa.com\/pt\/wp-json\/wp\/v2\/tags?post=100365"}],"curies":[{"name":"wp","href":"https:\/\/api.w.org\/{rel}","templated":true}]}}