{"id":100368,"date":"2025-02-07T22:09:53","date_gmt":"2025-02-07T22:09:53","guid":{"rendered":"https:\/\/tvbrazilusa.com\/2025\/02\/07\/lula-corta-repasses-para-amigos-dos-autistas-apae-adote-lar-da-vovozinha-menor-trabalhador-veja-todos\/"},"modified":"2025-02-07T22:09:55","modified_gmt":"2025-02-07T22:09:55","slug":"lula-corta-repasses-para-amigos-dos-autistas-apae-adote-lar-da-vovozinha-menor-trabalhador-veja-todos","status":"publish","type":"post","link":"https:\/\/tvbrazilusa.com\/pt\/2025\/02\/07\/lula-corta-repasses-para-amigos-dos-autistas-apae-adote-lar-da-vovozinha-menor-trabalhador-veja-todos\/","title":{"rendered":"Lula corta repasses para amigos dos autistas, APAE, ADOTE, Lar da vovozinha, Menor Trabalhador; VEJA TODOS"},"content":{"rendered":"<p> <script async src=\"https:\/\/pagead2.googlesyndication.com\/pagead\/js\/adsbygoogle.js?client=ca-pub-8864793242727901\"\r\n     crossorigin=\"anonymous\"><\/script><br \/>\n<\/p>\n<div id=\"taboola-read-more\" style=\"display:block; width:100%\">\n<p>O Governo Lula comunicou a Secretaria Municipal de Trabalho e Assist\u00eancia Social de Natal que vai cortar o repasses para a Rede Socioassistencial da Capital Potiguar. Com isso, atingiu institui\u00e7\u00f5es que realizam belos trabalhos nesse segmento.\n<\/p>\n<p>Associa\u00e7\u00e3o dos Amigos dos Autistas, do Menor Trabalhador, Associa\u00e7\u00e3o de Amigos dos Excepcionais (APAE), a Associa\u00e7\u00e3o de Orienta\u00e7\u00e3o ao Deficiente (Adote), Associa\u00e7\u00e3o Riograndense Pr\u00f3-Idoso, Suvag, Centro Educacional Dom Bosco e a Associa\u00e7\u00e3o Esp\u00edrita Enviados de Jesus (Lar da Vovozinha) est\u00e3o entre os atingidos.<\/p>\n<p>Fonte: @bloggustavonegreiros \/ Instagram              <\/p>\n<\/div>\n<p><br \/>\n<br \/><a href=\"https:\/\/diariodobrasilnoticias.com.br\/noticia\/lula-corta-repasses-para-amigos-dos-autistas-apae-adote-lar-da-vovozinha-menor-trabalhador-veja-todos-67a666d0773a2\">Source link <\/a><\/p>","protected":false},"excerpt":{"rendered":"<p>O Governo Lula comunicou a Secretaria Municipal de Trabalho e Assist\u00eancia Social de Natal que vai cortar o repasses para a Rede Socioassistencial da Capital Potiguar. Com isso, atingiu institui\u00e7\u00f5es&hellip;<\/p>","protected":false},"author":1,"featured_media":100369,"comment_status":"closed","ping_status":"open","sticky":false,"template":"","format":"standard","meta":{"content-type":"","footnotes":""},"categories":[16],"tags":[123,2448,5313,1267],"class_list":["post-100368","post","type-post","status-publish","format-standard","has-post-thumbnail","hentry","category-noticias","tag-brasil","tag-diario","tag-noticia","tag-noticias"],"_links":{"self":[{"href":"https:\/\/tvbrazilusa.com\/pt\/wp-json\/wp\/v2\/posts\/100368","targetHints":{"allow":["GET"]}}],"collection":[{"href":"https:\/\/tvbrazilusa.com\/pt\/wp-json\/wp\/v2\/posts"}],"about":[{"href":"https:\/\/tvbrazilusa.com\/pt\/wp-json\/wp\/v2\/types\/post"}],"author":[{"embeddable":true,"href":"https:\/\/tvbrazilusa.com\/pt\/wp-json\/wp\/v2\/users\/1"}],"replies":[{"embeddable":true,"href":"https:\/\/tvbrazilusa.com\/pt\/wp-json\/wp\/v2\/comments?post=100368"}],"version-history":[{"count":1,"href":"https:\/\/tvbrazilusa.com\/pt\/wp-json\/wp\/v2\/posts\/100368\/revisions"}],"predecessor-version":[{"id":100370,"href":"https:\/\/tvbrazilusa.com\/pt\/wp-json\/wp\/v2\/posts\/100368\/revisions\/100370"}],"wp:featuredmedia":[{"embeddable":true,"href":"https:\/\/tvbrazilusa.com\/pt\/wp-json\/wp\/v2\/media\/100369"}],"wp:attachment":[{"href":"https:\/\/tvbrazilusa.com\/pt\/wp-json\/wp\/v2\/media?parent=100368"}],"wp:term":[{"taxonomy":"category","embeddable":true,"href":"https:\/\/tvbrazilusa.com\/pt\/wp-json\/wp\/v2\/categories?post=100368"},{"taxonomy":"post_tag","embeddable":true,"href":"https:\/\/tvbrazilusa.com\/pt\/wp-json\/wp\/v2\/tags?post=100368"}],"curies":[{"name":"wp","href":"https:\/\/api.w.org\/{rel}","templated":true}]}}