{"id":100380,"date":"2025-02-07T22:46:04","date_gmt":"2025-02-07T22:46:04","guid":{"rendered":"https:\/\/tvbrazilusa.com\/2025\/02\/07\/contra-inflacao-senador-petista-quer-tabelar-arroz-feijao-e-mandioca\/"},"modified":"2025-02-07T22:46:06","modified_gmt":"2025-02-07T22:46:06","slug":"contra-inflacao-senador-petista-quer-tabelar-arroz-feijao-e-mandioca","status":"publish","type":"post","link":"https:\/\/tvbrazilusa.com\/pt\/2025\/02\/07\/contra-inflacao-senador-petista-quer-tabelar-arroz-feijao-e-mandioca\/","title":{"rendered":"Contra infla\u00e7\u00e3o, senador petista quer tabelar arroz, feij\u00e3o e mandioca"},"content":{"rendered":"<p> <script async src=\"https:\/\/pagead2.googlesyndication.com\/pagead\/js\/adsbygoogle.js?client=ca-pub-8864793242727901\"\r\n     crossorigin=\"anonymous\"><\/script><br \/>\n<\/p>\n<div id=\"taboola-read-more\" style=\"display:block; width:100%\">\n<p>O senador Beto Fato (PT-BA, foto \u00e0 esquerda) apresentou um projeto de lei para \u201cestabelecer crit\u00e9rios para a defini\u00e7\u00e3o dos pre\u00e7os m\u00ednimos b\u00e1sicos para o arroz, feij\u00e3o e mandioca\u201d como forma de se estancar a alta da infla\u00e7\u00e3o e a queda da popularidade do presidente Lula.\n<\/p>\n<p>A proposta n\u00e3o estabelece qual seria o valor m\u00ednimo para os insumos, mas estipula que o custo desses projetos deve ser definido a partir de \u201crespectivos custos de produ\u00e7\u00e3o, corrigidos pelas varia\u00e7\u00f5es, no per\u00edodo, dos seus pre\u00e7os no mercado internacional, e do d\u00f3lar americano em rela\u00e7\u00e3o ao Real\u201d.<\/p>\n<p>O texto ainda vai al\u00e9m ao afirmar que:\n<\/p>\n<p>AR<br \/>O senador Beto Fato (PT-BA, foto \u00e0 esquerda) apresentou um projeto de lei para \u201cestabelecer crit\u00e9rios para a defini\u00e7\u00e3o dos pre\u00e7os m\u00ednimos b\u00e1sicos para o arroz, feij\u00e3o e mandioca\u201d como forma de se estancar a alta da infla\u00e7\u00e3o e a queda da popularidade do presidente Lula.\n<\/p>\n<p>A proposta n\u00e3o estabelece qual seria o valor m\u00ednimo para os insumos, mas estipula que o custo desses projetos deve ser definido a partir de \u201crespectivos custos de produ\u00e7\u00e3o, corrigidos pelas varia\u00e7\u00f5es, no per\u00edodo, dos seus pre\u00e7os no mercado internacional, e do d\u00f3lar americano em rela\u00e7\u00e3o ao Real\u201d.\n<\/p>\n<p>O texto ainda vai al\u00e9m ao afirmar que:\n<\/p>\n<p>\u201cNo caso de varia\u00e7\u00e3o negativa dos pre\u00e7os no mercado internacional e ou do d\u00f3lar americano, os pre\u00e7os m\u00ednimos para arroz, feij\u00e3o e mandioca ter\u00e3o como piso os respectivos custos de produ\u00e7\u00e3o e rentabilidade m\u00ednima aos produtores\u201d.\n<\/p>\n<p>Na justificativa, o senador argumenta que o projeto de lei visa \u201cpossibilitar maior simetria na atratividade econ\u00f4mica, para os cultivos do arroz, da mandioca e do feij\u00e3o, relativamente aos n\u00edveis de atratividade do mercado externo\u201d.\n<\/p>\n<p>\u201cEsses produtos integram o n\u00facleo da dieta b\u00e1sica da popula\u00e7\u00e3o e, juntamente com a sua ampla diversidade de subprodutos s\u00e3o definidores da hist\u00f3ria da culin\u00e1ria brasileira com efeitos importantes na nossa pr\u00f3pria forma\u00e7\u00e3o cultural\u201d, argumenta o senador.\n<\/p>\n<p>\u201c\u00c9 necess\u00e1rio buscar um meio institucional de sanar esses efeitos erosivos sobre a base produtora desses alimentos nucleares sob pena do agravamento dos riscos para seguran\u00e7a alimentar no Brasil. Sem essa prote\u00e7\u00e3o de cunho estrutural os est\u00edmulos financeiros via planos safra anuais da agricultura familiar n\u00e3o s\u00e3o capazes de sustentar estrat\u00e9gia consistentes de recupera\u00e7\u00e3o da oferta desses produtos\u201d, acrescenta o parlamentar.\n<\/p>\n<p>A alta dos alimentos \u00e9 hoje uma das maiores preocupa\u00e7\u00f5es do governo Lula e tem sido um elemento fundamental para a queda da popularidade do Presidente da Rep\u00fablica. Nesta quinta-feira, 6, o tema levou o petista a entrar em outra pol\u00eamica, o que gerou uma nova crise para o Pal\u00e1cio do Planalto.\n<\/p>\n<p>Fonte: O Antagonista              <\/p>\n<\/div>\n<p><br \/>\n<br \/><a href=\"https:\/\/diariodobrasilnoticias.com.br\/noticia\/contra-inflacao-senador-petista-quer-tabelar-arroz-feijao-e-mandioca-67a66c388c4eb\">Source link <\/a><\/p>","protected":false},"excerpt":{"rendered":"<p>O senador Beto Fato (PT-BA, foto \u00e0 esquerda) apresentou um projeto de lei para \u201cestabelecer crit\u00e9rios para a defini\u00e7\u00e3o dos pre\u00e7os m\u00ednimos b\u00e1sicos para o arroz, feij\u00e3o e mandioca\u201d como&hellip;<\/p>","protected":false},"author":1,"featured_media":100381,"comment_status":"closed","ping_status":"open","sticky":false,"template":"","format":"standard","meta":{"content-type":"","footnotes":""},"categories":[16],"tags":[123,2448,5313,1267],"class_list":["post-100380","post","type-post","status-publish","format-standard","has-post-thumbnail","hentry","category-noticias","tag-brasil","tag-diario","tag-noticia","tag-noticias"],"_links":{"self":[{"href":"https:\/\/tvbrazilusa.com\/pt\/wp-json\/wp\/v2\/posts\/100380","targetHints":{"allow":["GET"]}}],"collection":[{"href":"https:\/\/tvbrazilusa.com\/pt\/wp-json\/wp\/v2\/posts"}],"about":[{"href":"https:\/\/tvbrazilusa.com\/pt\/wp-json\/wp\/v2\/types\/post"}],"author":[{"embeddable":true,"href":"https:\/\/tvbrazilusa.com\/pt\/wp-json\/wp\/v2\/users\/1"}],"replies":[{"embeddable":true,"href":"https:\/\/tvbrazilusa.com\/pt\/wp-json\/wp\/v2\/comments?post=100380"}],"version-history":[{"count":1,"href":"https:\/\/tvbrazilusa.com\/pt\/wp-json\/wp\/v2\/posts\/100380\/revisions"}],"predecessor-version":[{"id":100382,"href":"https:\/\/tvbrazilusa.com\/pt\/wp-json\/wp\/v2\/posts\/100380\/revisions\/100382"}],"wp:featuredmedia":[{"embeddable":true,"href":"https:\/\/tvbrazilusa.com\/pt\/wp-json\/wp\/v2\/media\/100381"}],"wp:attachment":[{"href":"https:\/\/tvbrazilusa.com\/pt\/wp-json\/wp\/v2\/media?parent=100380"}],"wp:term":[{"taxonomy":"category","embeddable":true,"href":"https:\/\/tvbrazilusa.com\/pt\/wp-json\/wp\/v2\/categories?post=100380"},{"taxonomy":"post_tag","embeddable":true,"href":"https:\/\/tvbrazilusa.com\/pt\/wp-json\/wp\/v2\/tags?post=100380"}],"curies":[{"name":"wp","href":"https:\/\/api.w.org\/{rel}","templated":true}]}}