{"id":10039,"date":"2024-07-27T15:35:32","date_gmt":"2024-07-27T15:35:32","guid":{"rendered":"https:\/\/tvbrazilusa.com\/2024\/07\/27\/harris-esta-realizando-sua-primeira-arrecadacao-de-fundos-como-provavel-candidata-democrata-enquanto-os-doadores-abrem-suas-carteiras\/"},"modified":"2024-07-27T15:41:59","modified_gmt":"2024-07-27T15:41:59","slug":"harris-esta-realizando-sua-primeira-arrecadacao-de-fundos-como-provavel-candidata-democrata-enquanto-os-doadores-abrem-suas-carteiras","status":"publish","type":"post","link":"https:\/\/tvbrazilusa.com\/pt\/2024\/07\/27\/harris-esta-realizando-sua-primeira-arrecadacao-de-fundos-como-provavel-candidata-democrata-enquanto-os-doadores-abrem-suas-carteiras\/","title":{"rendered":"Harris est\u00e1 realizando sua primeira arrecada\u00e7\u00e3o de fundos como prov\u00e1vel candidata democrata enquanto os doadores abrem suas carteiras"},"content":{"rendered":"<script async src=\"https:\/\/pagead2.googlesyndication.com\/pagead\/js\/adsbygoogle.js?client=ca-pub-8864793242727901\"\r\n     crossorigin=\"anonymous\"><\/script>\n<div id=\"\">\n<p class=\"dist__Box-sc-1fnzlkn-0 dist__TextBase-sc-1fnzlkn-3 CGHCP htMUPQ article-text\"><strong>WASHINGTON<\/strong> &#8211; Vice-presidente <a href=\"https:\/\/apnews.com\/hub\/kamala-harris\">Kamala Harris<\/a> est\u00e1 realizando sua primeira arrecada\u00e7\u00e3o de fundos desde que se tornou a prov\u00e1vel indicada democrata \u00e0 Casa Branca, buscando aproveitar uma semana recorde de contribui\u00e7\u00f5es desde <a href=\"https:\/\/apnews.com\/hub\/joe-biden\">Presidente Joe Biden<\/a> encerrou sua campanha para reelei\u00e7\u00e3o.<\/p>\n<p class=\"dist__Box-sc-1fnzlkn-0 dist__TextBase-sc-1fnzlkn-3 CGHCP htMUPQ article-text\">Harris estava viajando para Pittsfield, Massachusetts, no s\u00e1bado, na expectativa de arrecadar mais de US$ 1,4 milh\u00e3o, anunciou sua campanha, de um p\u00fablico esperado de cerca de 800 pessoas. Isso seria US$ 1 milh\u00e3o a mais do que a meta original definida para o evento antes de Biden desistir da corrida.<\/p>\n<p class=\"dist__Box-sc-1fnzlkn-0 dist__TextBase-sc-1fnzlkn-3 CGHCP htMUPQ article-text\">Os planos previam que o m\u00fasico James Taylor apresentasse Harris em um evento de arrecada\u00e7\u00e3o de fundos que contaria com muitos dos pesos pesados \u200b\u200bdo Partido Democrata do estado, incluindo os senadores Elizabeth Warren e Ed Markey, o ex-governador Deval Patrick e o deputado Richie Neal.<\/p>\n<p class=\"dist__Box-sc-1fnzlkn-0 dist__TextBase-sc-1fnzlkn-3 CGHCP htMUPQ article-text\">Harris arrecadou mais de US$ 100 milh\u00f5es em doa\u00e7\u00f5es nas primeiras 48 horas ap\u00f3s Biden desistir da disputa, um recorde presidencial, e assessores disseram que ela continuou arrecadando dinheiro em um ritmo constante.<\/p>\n<\/div>\n<p>Copyright 2024 The Associated Press. Todos os direitos reservados. Este material n\u00e3o pode ser publicado, transmitido, reescrito ou redistribu\u00eddo sem permiss\u00e3o.<\/p>\n<p><br \/>\n<br \/><a href=\"https:\/\/www.clickorlando.com\/news\/politics\/2024\/07\/27\/harris-is-holding-her-first-fundraiser-as-the-likely-democratic-nominee-as-donors-open-their-wallets\/\">Source link <\/a><\/p>","protected":false},"excerpt":{"rendered":"<p>WASHINGTON &#8211; Vice-presidente Kamala Harris est\u00e1 realizando sua primeira arrecada\u00e7\u00e3o de fundos desde que se tornou a prov\u00e1vel indicada democrata \u00e0 Casa Branca, buscando aproveitar uma semana recorde de contribui\u00e7\u00f5es&hellip;<\/p>","protected":false},"author":1,"featured_media":10040,"comment_status":"closed","ping_status":"open","sticky":false,"template":"","format":"standard","meta":{"content-type":"","footnotes":""},"categories":[1],"tags":[1404,1408,2813,1406,1190,1407,93],"class_list":["post-10039","post","type-post","status-publish","format-standard","has-post-thumbnail","hentry","category-uncategorized","tag-eleicao-presidencial-dos-estados-unidos-de-2024","tag-eleicoes","tag-james-taylor-sr","tag-joe-biden","tag-kamala-harris","tag-noticias-de-washington","tag-politica"],"_links":{"self":[{"href":"https:\/\/tvbrazilusa.com\/pt\/wp-json\/wp\/v2\/posts\/10039","targetHints":{"allow":["GET"]}}],"collection":[{"href":"https:\/\/tvbrazilusa.com\/pt\/wp-json\/wp\/v2\/posts"}],"about":[{"href":"https:\/\/tvbrazilusa.com\/pt\/wp-json\/wp\/v2\/types\/post"}],"author":[{"embeddable":true,"href":"https:\/\/tvbrazilusa.com\/pt\/wp-json\/wp\/v2\/users\/1"}],"replies":[{"embeddable":true,"href":"https:\/\/tvbrazilusa.com\/pt\/wp-json\/wp\/v2\/comments?post=10039"}],"version-history":[{"count":1,"href":"https:\/\/tvbrazilusa.com\/pt\/wp-json\/wp\/v2\/posts\/10039\/revisions"}],"predecessor-version":[{"id":10041,"href":"https:\/\/tvbrazilusa.com\/pt\/wp-json\/wp\/v2\/posts\/10039\/revisions\/10041"}],"wp:featuredmedia":[{"embeddable":true,"href":"https:\/\/tvbrazilusa.com\/pt\/wp-json\/wp\/v2\/media\/10040"}],"wp:attachment":[{"href":"https:\/\/tvbrazilusa.com\/pt\/wp-json\/wp\/v2\/media?parent=10039"}],"wp:term":[{"taxonomy":"category","embeddable":true,"href":"https:\/\/tvbrazilusa.com\/pt\/wp-json\/wp\/v2\/categories?post=10039"},{"taxonomy":"post_tag","embeddable":true,"href":"https:\/\/tvbrazilusa.com\/pt\/wp-json\/wp\/v2\/tags?post=10039"}],"curies":[{"name":"wp","href":"https:\/\/api.w.org\/{rel}","templated":true}]}}