{"id":100392,"date":"2025-02-07T23:17:13","date_gmt":"2025-02-07T23:17:13","guid":{"rendered":"https:\/\/tvbrazilusa.com\/2025\/02\/07\/confusao-pavanato-cria-alvoroco-ao-chamar-trans-de-homem-biologico\/"},"modified":"2025-02-07T23:17:14","modified_gmt":"2025-02-07T23:17:14","slug":"confusao-pavanato-cria-alvoroco-ao-chamar-trans-de-homem-biologico","status":"publish","type":"post","link":"https:\/\/tvbrazilusa.com\/pt\/2025\/02\/07\/confusao-pavanato-cria-alvoroco-ao-chamar-trans-de-homem-biologico\/","title":{"rendered":"CONFUS\u00c3O: Pavanato cria alvoro\u00e7o ao chamar trans de homem biol\u00f3gico"},"content":{"rendered":"<p> <script async src=\"https:\/\/pagead2.googlesyndication.com\/pagead\/js\/adsbygoogle.js?client=ca-pub-8864793242727901\"\r\n     crossorigin=\"anonymous\"><\/script><br \/>\n<\/p>\n<div id=\"taboola-read-more\" style=\"display:block; width:100%\">\n<p>O vereador Lucas Pavanato (PL-SP) causou confus\u00e3o, nesta quinta-feira (6), ao afirmar que a vereadora Amanda Paschoal (PSOL-SP), mulher trans, \u00e9 um homem biol\u00f3gico. A confus\u00e3o exaltou os \u00e2nimos na C\u00e2mara Municipal de S\u00e3o Paulo, enquanto o parlamentar de direita discursava contra a ideologia de g\u00eanero.\n<\/p>\n<p>\u2013 Eu tenho direito de afirmar que uma transexual, por mais que se identifique como mulher e tenha o direito de se identificar, biologicamente n\u00e3o mudou, biologicamente continua sendo um homem \u2013 disse ele.<\/p>\n<p>Em seguida, Pavanato fez men\u00e7\u00e3o nominal \u00e0 vereadora do PSOL.\n<\/p>\n<p>\u2013 E n\u00e3o seria justo, por exemplo, a vereadora Amanda Paschoal brigando com uma mulher no ringue.\n<\/p>\n<p>A psolista se revoltou com a fala de Pavanato e houve debate entre eles, com ela amea\u00e7ando process\u00e1-lo e levar o caso para a Justi\u00e7a por transfobia. Depois, Paschoal entrou com uma representa\u00e7\u00e3o no Minist\u00e9rio P\u00fablico de S\u00e3o Paulo (MPSP) contra o vereador.\n<\/p>\n<p>\u2013 Transfobia \u00e9 crime equipar\u00e1vel ao racismo. N\u00e3o permitirei que se utilize de um espa\u00e7o p\u00fablico para perpetuar viol\u00eancias contra mim e a minha comunidade \u2013 disse ela.\n<\/p>\n<p>Fonte: Pleno News              <\/p>\n<\/div>\n<p><br \/>\n<br \/><a href=\"https:\/\/diariodobrasilnoticias.com.br\/noticia\/confusao-pavanato-cria-alvoroco-ao-chamar-trans-de-homem-biologico-67a6751f1ac9f\">Source link <\/a><\/p>","protected":false},"excerpt":{"rendered":"<p>O vereador Lucas Pavanato (PL-SP) causou confus\u00e3o, nesta quinta-feira (6), ao afirmar que a vereadora Amanda Paschoal (PSOL-SP), mulher trans, \u00e9 um homem biol\u00f3gico. A confus\u00e3o exaltou os \u00e2nimos na&hellip;<\/p>","protected":false},"author":1,"featured_media":100393,"comment_status":"closed","ping_status":"open","sticky":false,"template":"","format":"standard","meta":{"content-type":"","footnotes":""},"categories":[16],"tags":[123,2448,5313,1267],"class_list":["post-100392","post","type-post","status-publish","format-standard","has-post-thumbnail","hentry","category-noticias","tag-brasil","tag-diario","tag-noticia","tag-noticias"],"_links":{"self":[{"href":"https:\/\/tvbrazilusa.com\/pt\/wp-json\/wp\/v2\/posts\/100392","targetHints":{"allow":["GET"]}}],"collection":[{"href":"https:\/\/tvbrazilusa.com\/pt\/wp-json\/wp\/v2\/posts"}],"about":[{"href":"https:\/\/tvbrazilusa.com\/pt\/wp-json\/wp\/v2\/types\/post"}],"author":[{"embeddable":true,"href":"https:\/\/tvbrazilusa.com\/pt\/wp-json\/wp\/v2\/users\/1"}],"replies":[{"embeddable":true,"href":"https:\/\/tvbrazilusa.com\/pt\/wp-json\/wp\/v2\/comments?post=100392"}],"version-history":[{"count":1,"href":"https:\/\/tvbrazilusa.com\/pt\/wp-json\/wp\/v2\/posts\/100392\/revisions"}],"predecessor-version":[{"id":100394,"href":"https:\/\/tvbrazilusa.com\/pt\/wp-json\/wp\/v2\/posts\/100392\/revisions\/100394"}],"wp:featuredmedia":[{"embeddable":true,"href":"https:\/\/tvbrazilusa.com\/pt\/wp-json\/wp\/v2\/media\/100393"}],"wp:attachment":[{"href":"https:\/\/tvbrazilusa.com\/pt\/wp-json\/wp\/v2\/media?parent=100392"}],"wp:term":[{"taxonomy":"category","embeddable":true,"href":"https:\/\/tvbrazilusa.com\/pt\/wp-json\/wp\/v2\/categories?post=100392"},{"taxonomy":"post_tag","embeddable":true,"href":"https:\/\/tvbrazilusa.com\/pt\/wp-json\/wp\/v2\/tags?post=100392"}],"curies":[{"name":"wp","href":"https:\/\/api.w.org\/{rel}","templated":true}]}}