{"id":100395,"date":"2025-02-07T23:29:55","date_gmt":"2025-02-07T23:29:55","guid":{"rendered":"https:\/\/tvbrazilusa.com\/2025\/02\/07\/trump-assinara-decreto-contra-canudos-de-papel-de-volta-ao-plastico\/"},"modified":"2025-02-07T23:29:57","modified_gmt":"2025-02-07T23:29:57","slug":"trump-assinara-decreto-contra-canudos-de-papel-de-volta-ao-plastico","status":"publish","type":"post","link":"https:\/\/tvbrazilusa.com\/pt\/2025\/02\/07\/trump-assinara-decreto-contra-canudos-de-papel-de-volta-ao-plastico\/","title":{"rendered":"Trump assinar\u00e1 decreto contra canudos de papel: &#8216;De volta ao pl\u00e1stico&#8217;"},"content":{"rendered":"<p> <script async src=\"https:\/\/pagead2.googlesyndication.com\/pagead\/js\/adsbygoogle.js?client=ca-pub-8864793242727901\"\r\n     crossorigin=\"anonymous\"><\/script><br \/>\n<\/p>\n<div>\n<figure class=\"post-image\">\n<\/figure>\n<p>            <span style=\"font-size: 12px\">Washington20\/01\/2025REUTERS\/Carlos Barria<\/span><\/p>\n<p>            <!-- end metas --><br \/>\n            <!-- ADS --><\/p>\n<div id=\"taboola-read-more\" style=\"display:block; width:100%\">\n<p>O presidente dos Estados Unidos, Donald Trump, afirmou nesta sexta-feira (7) pelas redes sociais que assinar\u00e1 uma ordem executiva contra canudos de papel na pr\u00f3xima semana.\n<\/p>\n<p>Entretanto, n\u00e3o deu mais detalhes sobre o que ser\u00e1 determinado com a ordem executiva \u2014 como uma poss\u00edvel proibi\u00e7\u00e3o de canudos de papel.<\/p>\n<p>Na publica\u00e7\u00e3o, o presidente americano disse que houve \u201cpress\u00e3o rid\u00edcula\u201d do governo de Joe Biden sobre o assunto, comentando ainda: \u201cDe volta ao pl\u00e1stico!\u201d.\n<\/p>\n<p>Em 2022, o Departamento do Interior dos EUA adotou a\u00e7\u00f5es para acabar com o uso de pl\u00e1stico de uso \u00fanico, como \u201cparte da implementa\u00e7\u00e3o da Ordem Executiva 14057 do Presidente Biden, que exige que as ag\u00eancias federais tomem medidas para reduzir e eliminar gradualmente a aquisi\u00e7\u00e3o de produtos pl\u00e1sticos de uso \u00fanico na medida do poss\u00edvel\u201d.\n<\/p>\n<p>Em 2019, durante o primeiro mandato do republicano, Trump j\u00e1 havia se pronunciado contra canudos de papel, destacando que \u201ch\u00e1 muitas outras coisas em que se concentrar\u201d, pontuou.\n<\/p>\n<p>Fonte: CNN Brasil              <\/p>\n<\/div>\n<p>                        <!-- Scripts para conteudo --><\/p>\n<p>            <!-- .\/Scripts para conteudo --><br \/>\n            <!-- .\/Mat\u00e9ria --><\/p>\n<div class=\"row mt-3\">\n<div class=\"col-sm-6\">\n                <!-- Whatsapp channel 3--><br \/>\n                <a href=\"https:\/\/chat.whatsapp.com\/B8Qy6Erx4kb6yTzj3kaDco\" target=\"_blank\"><br \/>\n                  <img decoding=\"async\" src=\"https:\/\/diariodobrasilnoticias.com.br\/assets-site\/images\/bot_whatsapp.png\"\/><\/a>\n              <\/div>\n<div class=\"col-sm-6\">\n                <a href=\"https:\/\/t.me\/+_4gTmi5LKo03OTM5\" target=\"_blank\"><br \/>\n                  <img decoding=\"async\" src=\"https:\/\/diariodobrasilnoticias.com.br\/assets-site\/images\/bot_telegram.png\"\/><\/a>\n              <\/div>\n<\/p><\/div>\n<p>            <!-- end post-navigation --><\/p>\n<p>              <!-- end row --><\/p>\n<p>              <!-- end col-12-->\n                      <\/div>\n<p><br \/>\n<br \/><a href=\"https:\/\/diariodobrasilnoticias.com.br\/noticia\/trump-assinara-decreto-contra-canudos-de-papel-de-volta-ao-plastico-67a6784ac9596\">Source link <\/a><\/p>","protected":false},"excerpt":{"rendered":"<p>Washington20\/01\/2025REUTERS\/Carlos Barria O presidente dos Estados Unidos, Donald Trump, afirmou nesta sexta-feira (7) pelas redes sociais que assinar\u00e1 uma ordem executiva contra canudos de papel na pr\u00f3xima semana. Entretanto, n\u00e3o&hellip;<\/p>","protected":false},"author":1,"featured_media":100396,"comment_status":"closed","ping_status":"open","sticky":false,"template":"","format":"standard","meta":{"content-type":"","footnotes":""},"categories":[16],"tags":[123,2448,5313,1267],"class_list":["post-100395","post","type-post","status-publish","format-standard","has-post-thumbnail","hentry","category-noticias","tag-brasil","tag-diario","tag-noticia","tag-noticias"],"_links":{"self":[{"href":"https:\/\/tvbrazilusa.com\/pt\/wp-json\/wp\/v2\/posts\/100395","targetHints":{"allow":["GET"]}}],"collection":[{"href":"https:\/\/tvbrazilusa.com\/pt\/wp-json\/wp\/v2\/posts"}],"about":[{"href":"https:\/\/tvbrazilusa.com\/pt\/wp-json\/wp\/v2\/types\/post"}],"author":[{"embeddable":true,"href":"https:\/\/tvbrazilusa.com\/pt\/wp-json\/wp\/v2\/users\/1"}],"replies":[{"embeddable":true,"href":"https:\/\/tvbrazilusa.com\/pt\/wp-json\/wp\/v2\/comments?post=100395"}],"version-history":[{"count":1,"href":"https:\/\/tvbrazilusa.com\/pt\/wp-json\/wp\/v2\/posts\/100395\/revisions"}],"predecessor-version":[{"id":100397,"href":"https:\/\/tvbrazilusa.com\/pt\/wp-json\/wp\/v2\/posts\/100395\/revisions\/100397"}],"wp:featuredmedia":[{"embeddable":true,"href":"https:\/\/tvbrazilusa.com\/pt\/wp-json\/wp\/v2\/media\/100396"}],"wp:attachment":[{"href":"https:\/\/tvbrazilusa.com\/pt\/wp-json\/wp\/v2\/media?parent=100395"}],"wp:term":[{"taxonomy":"category","embeddable":true,"href":"https:\/\/tvbrazilusa.com\/pt\/wp-json\/wp\/v2\/categories?post=100395"},{"taxonomy":"post_tag","embeddable":true,"href":"https:\/\/tvbrazilusa.com\/pt\/wp-json\/wp\/v2\/tags?post=100395"}],"curies":[{"name":"wp","href":"https:\/\/api.w.org\/{rel}","templated":true}]}}