{"id":100407,"date":"2025-02-08T00:12:15","date_gmt":"2025-02-08T00:12:15","guid":{"rendered":"https:\/\/tvbrazilusa.com\/2025\/02\/08\/depois-de-ter-interferido-diretamente-na-politica-agora-felipe-netto-se-esquiva-e-nao-quer-mais-falar-sobre-o-assunto\/"},"modified":"2025-02-08T00:12:16","modified_gmt":"2025-02-08T00:12:16","slug":"depois-de-ter-interferido-diretamente-na-politica-agora-felipe-netto-se-esquiva-e-nao-quer-mais-falar-sobre-o-assunto","status":"publish","type":"post","link":"https:\/\/tvbrazilusa.com\/pt\/2025\/02\/08\/depois-de-ter-interferido-diretamente-na-politica-agora-felipe-netto-se-esquiva-e-nao-quer-mais-falar-sobre-o-assunto\/","title":{"rendered":"Depois de ter interferido diretamente na pol\u00edtica, agora Felipe Netto se esquiva e n\u00e3o quer mais falar sobre o assunto?"},"content":{"rendered":"<p> <script async src=\"https:\/\/pagead2.googlesyndication.com\/pagead\/js\/adsbygoogle.js?client=ca-pub-8864793242727901\"\r\n     crossorigin=\"anonymous\"><\/script><br \/>\n<\/p>\n<div id=\"taboola-read-more\" style=\"display:block; width:100%\">\n<p>Ao retomar o canal em 2025 e anunciar conte\u00fados novos no YouTube, Felipe Neto afirmou que o \u00faltimo ano teve muita confus\u00e3o, problemas e pol\u00eamicas por causa de pol\u00edtica.\n<\/p>\n<p>Para os pr\u00f3ximos meses, o influenciador falou que vai se manter longe do assunto para focar em si mesmo e em seus projetos porque sentia que sua vida tinha mudado de rumo.<\/p>\n<p>&#8220;Esse ano decidi fazer algumas mudan\u00e7as. Sinto que a minha vida tinha mudado de estrada, para uma estrada que eu nunca quis entrar. Estava como se fosse na contram\u00e3o, numa rua que levava para o caminho errado.&#8221;\n<\/p>\n<p>No v\u00eddeo, Felipe afirmou n\u00e3o ter pretens\u00e3o de se tornar pol\u00edtico ou ter carreira como tal e disse que se envolveu com o assunto por querer enfrentar algo que considera errado. Para este ano, definiu como prioridade o canal na plataforma.\n<\/p>\n<p>&#8220;Me dediquei de corpo e alma. Mergulhei de cabe\u00e7a, dediquei cada segundo da minha vida. E acredito que fiz o meu papel, mas do fundo do cora\u00e7\u00e3o, para todas as pessoas que v\u00e3o me cobrar, que v\u00e3o ficar muito chateadas com isso, preciso dizer que preciso voltar a focar em mim. Na minha felicidade e no que eu amo fazer, que \u00e9 produzir conte\u00fado. Tive que abdicar de muitas coisas para essa vida, que n\u00e3o \u00e9 a vida que eu queria ter.&#8221;\n<\/p>\n<p>O youtuber e empres\u00e1rio ainda citou a planilha de influenciadores com descri\u00e7\u00f5es de comportamentos de clientes famosos que circulou nas redes sociais nas \u00faltimas semanas e destacou que seu nome n\u00e3o foi mencionado no documento.\n<\/p>\n<p>&#8220;O fato de eu ter passado os \u00faltimos anos em um gigantesco embate pol\u00edtico, voc\u00eas sabem qual foi a consequ\u00eancia disso. Eu n\u00e3o apareci em nenhum momento. Por qu\u00ea? Porque as ag\u00eancias n\u00e3o trabalham mais comigo. Isso \u00e9 um fato. E tudo bem. Foi o pre\u00e7o que paguei para poder lutar a luta que eu lutei.&#8221;\n<\/p>\n<p>Fonte: Folha de S.Paulo              <\/p>\n<\/div>\n<p><br \/>\n<br \/><a href=\"https:\/\/diariodobrasilnoticias.com.br\/noticia\/depois-de-ter-interferido-diretamente-na-politica-agora-felipe-netto-se-esquiva-e-nao-quer-mais-falar-sobre-o-assunto-67a67a34aa534\">Source link <\/a><\/p>","protected":false},"excerpt":{"rendered":"<p>Ao retomar o canal em 2025 e anunciar conte\u00fados novos no YouTube, Felipe Neto afirmou que o \u00faltimo ano teve muita confus\u00e3o, problemas e pol\u00eamicas por causa de pol\u00edtica. Para&hellip;<\/p>","protected":false},"author":1,"featured_media":100408,"comment_status":"closed","ping_status":"open","sticky":false,"template":"","format":"standard","meta":{"content-type":"","footnotes":""},"categories":[16],"tags":[123,2448,5313,1267],"class_list":["post-100407","post","type-post","status-publish","format-standard","has-post-thumbnail","hentry","category-noticias","tag-brasil","tag-diario","tag-noticia","tag-noticias"],"_links":{"self":[{"href":"https:\/\/tvbrazilusa.com\/pt\/wp-json\/wp\/v2\/posts\/100407","targetHints":{"allow":["GET"]}}],"collection":[{"href":"https:\/\/tvbrazilusa.com\/pt\/wp-json\/wp\/v2\/posts"}],"about":[{"href":"https:\/\/tvbrazilusa.com\/pt\/wp-json\/wp\/v2\/types\/post"}],"author":[{"embeddable":true,"href":"https:\/\/tvbrazilusa.com\/pt\/wp-json\/wp\/v2\/users\/1"}],"replies":[{"embeddable":true,"href":"https:\/\/tvbrazilusa.com\/pt\/wp-json\/wp\/v2\/comments?post=100407"}],"version-history":[{"count":1,"href":"https:\/\/tvbrazilusa.com\/pt\/wp-json\/wp\/v2\/posts\/100407\/revisions"}],"predecessor-version":[{"id":100409,"href":"https:\/\/tvbrazilusa.com\/pt\/wp-json\/wp\/v2\/posts\/100407\/revisions\/100409"}],"wp:featuredmedia":[{"embeddable":true,"href":"https:\/\/tvbrazilusa.com\/pt\/wp-json\/wp\/v2\/media\/100408"}],"wp:attachment":[{"href":"https:\/\/tvbrazilusa.com\/pt\/wp-json\/wp\/v2\/media?parent=100407"}],"wp:term":[{"taxonomy":"category","embeddable":true,"href":"https:\/\/tvbrazilusa.com\/pt\/wp-json\/wp\/v2\/categories?post=100407"},{"taxonomy":"post_tag","embeddable":true,"href":"https:\/\/tvbrazilusa.com\/pt\/wp-json\/wp\/v2\/tags?post=100407"}],"curies":[{"name":"wp","href":"https:\/\/api.w.org\/{rel}","templated":true}]}}