{"id":100413,"date":"2025-02-08T00:35:28","date_gmt":"2025-02-08T00:35:28","guid":{"rendered":"https:\/\/tvbrazilusa.com\/2025\/02\/08\/espaco-de-beleza-dos-famosos-da-calote-de-milhoes-em-shopping-e-descumpre-ordem-de-despejo-veja-valores\/"},"modified":"2025-02-08T00:35:29","modified_gmt":"2025-02-08T00:35:29","slug":"espaco-de-beleza-dos-famosos-da-calote-de-milhoes-em-shopping-e-descumpre-ordem-de-despejo-veja-valores","status":"publish","type":"post","link":"https:\/\/tvbrazilusa.com\/pt\/2025\/02\/08\/espaco-de-beleza-dos-famosos-da-calote-de-milhoes-em-shopping-e-descumpre-ordem-de-despejo-veja-valores\/","title":{"rendered":"Espa\u00e7o de beleza dos famosos d\u00e1 calote de milh\u00f5es em shopping e descumpre ordem de despejo; Veja valores"},"content":{"rendered":"<p> <script async src=\"https:\/\/pagead2.googlesyndication.com\/pagead\/js\/adsbygoogle.js?client=ca-pub-8864793242727901\"\r\n     crossorigin=\"anonymous\"><\/script><br \/>\n<\/p>\n<div id=\"taboola-read-more\" style=\"display:block; width:100%\">\n<p>O portal LeoDias teve acesso a documentos que exp\u00f5em uma situa\u00e7\u00e3o ainda mais cr\u00edtica no espa\u00e7o de beleza Madamm Rio, no BarraShopping, Rio de Janeiro. Acusada de dar calote em funcion\u00e1rios e fornecedores, a empresa enfrenta uma ordem judicial de despejo devido \u00e0 falta de pagamento do aluguel, cuja d\u00edvida j\u00e1 ultrapassa R$ 4,8 milh\u00f5es de reais, e pode ter suas portas fechadas.\n<\/p>\n<p>De acordo com o processo judicial protocolado na 7\u00aa Vara C\u00edvel da Regional da Barra da Tijuca, a Multiplan, administradora do shopping onde est\u00e1 localizado o espa\u00e7o de beleza, ingressou com uma a\u00e7\u00e3o de despejo por falta de pagamento contra o locat\u00e1rio do sal\u00e3o, Alejandro Augusto Zicky. Em outubro, a Justi\u00e7a j\u00e1 havia autorizado o despejo do neg\u00f3cio, que contou com tentativas de negocia\u00e7\u00e3o.<\/p>\n<p>A falta de pagamento do aluguel, estabelecido no contrato como m\u00ednimo de R$160 mil ou 10% do faturamento bruto, ocorreu entre mar\u00e7o e junho de 2024. Com isso, a d\u00edvida inicial chegou a cerca de R$2 milh\u00f5es. Segundo o documento, Alejandro concordou em pagar R$1,5 milh\u00e3o aos autores da a\u00e7\u00e3o, em parcelas mensais, com juros em caso de atraso.\n<\/p>\n<p>Mas o empres\u00e1rio deixou de pagar tanto o aluguel quanto a taxa de cess\u00e3o de direitos, acumulando d\u00edvidas. Diante dos atrasos, o s\u00f3cio do espa\u00e7o de beleza ainda tentou negociar um novo adiamento para quitar a entrada e o restante dos valores 1 dia antes do prazo combinado. No entanto, o shopping recusou o pedido, e o empres\u00e1rio chegou a transferir R$ 400 mil de sua conta pessoal, mas seguiu inadimplente, uma vez que ficou longe de quitar valores ainda em aberto.\n<\/p>\n<p>Os autores da a\u00e7\u00e3o alegam que, apesar de ter faturado mais do que o suficiente para quitar a d\u00edvida, Alejandro n\u00e3o demonstra preocupa\u00e7\u00e3o e segue em uma \u201cposi\u00e7\u00e3o muito confort\u00e1vel\u201d, enquanto o shopping arca com a inadimpl\u00eancia: \u201cViaja, vai a retiros espirituais, fica incomunic\u00e1vel\u2026 Pior: fatura, e muito, mas n\u00e3o paga absolutamente nada\u201d, afirma em um trecho do processo.\n<\/p>\n<p>O documento ressalta que, diante da inadimpl\u00eancia e das tentativas frustradas de negocia\u00e7\u00e3o, foi preciso adotar \u201cmedidas concretas\u201d, com solicita\u00e7\u00e3o da ordem de despejo, em tramita\u00e7\u00e3o desde julho. Entre negocia\u00e7\u00f5es e pedidos de adiamento, um novo prazo foi estabelecido, e o espa\u00e7o deveria ter sido fechado na \u00faltima ter\u00e7a-feira (4\/2). A Multiplan alega que al\u00e9m dos d\u00e9bitos que j\u00e1 somavam mais de R$ 2 milh\u00f5es, o espa\u00e7o seguiu n\u00e3o pagando o aluguel nas datas previstas, aumentando a d\u00edvida para R$ 4.843.829,26.\n<\/p>\n<p>Com o n\u00e3o pagamento dos d\u00e9bitos e o descumprimento do prazo de 15 dias, foi solicitado uma ordem de despejo compuls\u00f3ria. Ainda n\u00e3o h\u00e1 uma decis\u00e3o da Justi\u00e7a sobre a intima\u00e7\u00e3o e o espa\u00e7o de beleza segue operando normalmente.\n<\/p>\n<p>Ainda segundo o que a equipe jur\u00eddica da Multiplan afirma no processo, Alejandro e sua advogada estavam cientes da a\u00e7\u00e3o de despejo. No entanto, o empres\u00e1rio alega que n\u00e3o recebeu nenhuma notifica\u00e7\u00e3o por carta, telegrama ou e-mail e que sua advogada estava hospitalizada, o que impediu o recebimento da intima\u00e7\u00e3o. Procuradas pelo portal LeoDias, a equipe do empres\u00e1rio n\u00e3o se manifestou. Em contato com nossa reportagem, a Multiplan afirmou que n\u00e3o ir\u00e1 se manifestar sobre o caso.\n<\/p>\n<p>Fonte: Portal Leo Dias              <\/p>\n<\/div>\n<p><br \/>\n<br \/><a href=\"https:\/\/diariodobrasilnoticias.com.br\/noticia\/espaco-de-beleza-dos-famosos-da-calote-de-milhoes-em-shopping-e-descumpre-ordem-de-despejo-veja-valores-67a67aeb62d49\">Source link <\/a><\/p>","protected":false},"excerpt":{"rendered":"<p>O portal LeoDias teve acesso a documentos que exp\u00f5em uma situa\u00e7\u00e3o ainda mais cr\u00edtica no espa\u00e7o de beleza Madamm Rio, no BarraShopping, Rio de Janeiro. Acusada de dar calote em&hellip;<\/p>","protected":false},"author":1,"featured_media":100414,"comment_status":"closed","ping_status":"open","sticky":false,"template":"","format":"standard","meta":{"content-type":"","footnotes":""},"categories":[16],"tags":[123,2448,5313,1267],"class_list":["post-100413","post","type-post","status-publish","format-standard","has-post-thumbnail","hentry","category-noticias","tag-brasil","tag-diario","tag-noticia","tag-noticias"],"_links":{"self":[{"href":"https:\/\/tvbrazilusa.com\/pt\/wp-json\/wp\/v2\/posts\/100413","targetHints":{"allow":["GET"]}}],"collection":[{"href":"https:\/\/tvbrazilusa.com\/pt\/wp-json\/wp\/v2\/posts"}],"about":[{"href":"https:\/\/tvbrazilusa.com\/pt\/wp-json\/wp\/v2\/types\/post"}],"author":[{"embeddable":true,"href":"https:\/\/tvbrazilusa.com\/pt\/wp-json\/wp\/v2\/users\/1"}],"replies":[{"embeddable":true,"href":"https:\/\/tvbrazilusa.com\/pt\/wp-json\/wp\/v2\/comments?post=100413"}],"version-history":[{"count":1,"href":"https:\/\/tvbrazilusa.com\/pt\/wp-json\/wp\/v2\/posts\/100413\/revisions"}],"predecessor-version":[{"id":100415,"href":"https:\/\/tvbrazilusa.com\/pt\/wp-json\/wp\/v2\/posts\/100413\/revisions\/100415"}],"wp:featuredmedia":[{"embeddable":true,"href":"https:\/\/tvbrazilusa.com\/pt\/wp-json\/wp\/v2\/media\/100414"}],"wp:attachment":[{"href":"https:\/\/tvbrazilusa.com\/pt\/wp-json\/wp\/v2\/media?parent=100413"}],"wp:term":[{"taxonomy":"category","embeddable":true,"href":"https:\/\/tvbrazilusa.com\/pt\/wp-json\/wp\/v2\/categories?post=100413"},{"taxonomy":"post_tag","embeddable":true,"href":"https:\/\/tvbrazilusa.com\/pt\/wp-json\/wp\/v2\/tags?post=100413"}],"curies":[{"name":"wp","href":"https:\/\/api.w.org\/{rel}","templated":true}]}}