{"id":100416,"date":"2025-02-08T00:47:45","date_gmt":"2025-02-08T00:47:45","guid":{"rendered":"https:\/\/tvbrazilusa.com\/2025\/02\/08\/lula-volta-a-atacar-bolsonaro\/"},"modified":"2025-02-08T00:47:47","modified_gmt":"2025-02-08T00:47:47","slug":"lula-volta-a-atacar-bolsonaro","status":"publish","type":"post","link":"https:\/\/tvbrazilusa.com\/pt\/2025\/02\/08\/lula-volta-a-atacar-bolsonaro\/","title":{"rendered":"Lula volta a atacar Bolsonaro"},"content":{"rendered":"<p> <script async src=\"https:\/\/pagead2.googlesyndication.com\/pagead\/js\/adsbygoogle.js?client=ca-pub-8864793242727901\"\r\n     crossorigin=\"anonymous\"><\/script><br \/>\n<\/p>\n<div id=\"taboola-read-more\" style=\"display:block; width:100%\">\n<p>O presidente Luiz In\u00e1cio Lula da Silva participou, nesta sexta-feira, 7, de um evento em Paramirim (BA) para divulgar o programa \u201c\u00c1gua para todos\u201d. O petista est\u00e1 na cidade para anunciar investimentos do Programa de Acelera\u00e7\u00e3o do Crescimento (PAC) na \u00e1rea de seguran\u00e7a h\u00eddrica do Estado.\n<\/p>\n<p>Ao usar o ato como palanque pol\u00edtico, Lula afirmou: \u201cFazer ponte, todo mundo j\u00e1 fez; fazer viaduto, todo mundo j\u00e1 fez\u201d, disse. \u201cAgora, quero saber quem teve a preocupa\u00e7\u00e3o de encher a barriga do nosso povo de comida.\u201d<\/p>\n<p>A declara\u00e7\u00e3o foi dada depois de o presidente sugerir que, diante da alta dos pre\u00e7os dos alimentos, a popula\u00e7\u00e3o evite comprar produtos que estejam muito caros. Para Lula, essa seria uma forma de pressionar a redu\u00e7\u00e3o dos pre\u00e7os e ajudar a controlar a infla\u00e7\u00e3o.\n<\/p>\n<p>As cr\u00edticas de Lula a Bolsonaro<br \/>As cr\u00edticas ao ex-presidente Jair Bolsonaro (PL) tamb\u00e9m fizeram parte do discurso. Lula disse que Bolsonaro \u201cn\u00e3o trouxe um tijolo\u201d para a Bahia e para o Nordeste. O petista pediu para que os cidad\u00e3os comparassem a gest\u00e3o anterior com a atual.\n<\/p>\n<p>O presidente afirmou tamb\u00e9m que o ano de 2025 ser\u00e1 considerado como de \u201ccolheita\u201d das pol\u00edticas implantadas em 2023 e 2024. E ser\u00e1 tamb\u00e9m o ano de \u201cderrotar a mentira, a farsa e a fake news\u201d.\n<\/p>\n<h2 class=\"wp-block-heading\"><strong>Lula faz promessa de cr\u00e9dito para todos<\/strong><\/h2>\n<p>No local, Lula fez a promessa de dar mais cr\u00e9dito para a popula\u00e7\u00e3o. Afirmou que o aumento do cr\u00e9dito eleva a demanda por produtos e pressiona a infla\u00e7\u00e3o. \u201cA minha tese \u00e9 a seguinte: muito dinheiro na m\u00e3o de poucos significa a mis\u00e9ria de muitos\u201d, disse. \u201cAgora, pouco dinheiro na m\u00e3o de todos significa melhorar a vida de todos os brasileiros.\u201d\n<\/p>\n<p>\u201c\u00c9 por isso que vamos fazer muitas pol\u00edticas de cr\u00e9dito neste pa\u00eds, porque, na hora em que o dinheiro come\u00e7ar circular na m\u00e3o das pessoas, ningu\u00e9m aqui vai comprar d\u00f3lar, ningu\u00e9m vai depositar no exterior\u201d, disse. \u201cVoc\u00eas v\u00e3o comprar comida, voc\u00eas v\u00e3o comprar roupa, material escolar. E voc\u00eas v\u00e3o melhorar a vida da cidade de voc\u00eas. \u00c9 por isso que voltei a ser presidente da Rep\u00fablica.\u201d\n<\/p>\n<div class=\"autozep-outer\">\n<div id=\"hd80s9wa1h892edh8192\" class=\"entry-content break-word select-none\">\n<p>Lula esteve acompanhado pelo governador do Estado, Jer\u00f4nimo Rodrigues (PT), al\u00e9m dos ministros Rui Costa (Casa Civil), Waldez G\u00f3es (Integra\u00e7\u00e3o e Desenvolvimento Regional), Jader Filho (Cidades) e Sid\u00f4nio Palmeira (Comunica\u00e7\u00e3o Social).\n<\/p>\n<\/div>\n<p>Fonte: Revista Oeste<\/p>\n<\/div><\/div>\n<p><br \/>\n<br \/><a href=\"https:\/\/diariodobrasilnoticias.com.br\/noticia\/lula-volta-a-atacar-bolsonaro-67a69c907a9cf\">Source link <\/a><\/p>","protected":false},"excerpt":{"rendered":"<p>O presidente Luiz In\u00e1cio Lula da Silva participou, nesta sexta-feira, 7, de um evento em Paramirim (BA) para divulgar o programa \u201c\u00c1gua para todos\u201d. O petista est\u00e1 na cidade para&hellip;<\/p>","protected":false},"author":1,"featured_media":100417,"comment_status":"closed","ping_status":"open","sticky":false,"template":"","format":"standard","meta":{"content-type":"","footnotes":""},"categories":[16],"tags":[123,2448,5313,1267],"class_list":["post-100416","post","type-post","status-publish","format-standard","has-post-thumbnail","hentry","category-noticias","tag-brasil","tag-diario","tag-noticia","tag-noticias"],"_links":{"self":[{"href":"https:\/\/tvbrazilusa.com\/pt\/wp-json\/wp\/v2\/posts\/100416","targetHints":{"allow":["GET"]}}],"collection":[{"href":"https:\/\/tvbrazilusa.com\/pt\/wp-json\/wp\/v2\/posts"}],"about":[{"href":"https:\/\/tvbrazilusa.com\/pt\/wp-json\/wp\/v2\/types\/post"}],"author":[{"embeddable":true,"href":"https:\/\/tvbrazilusa.com\/pt\/wp-json\/wp\/v2\/users\/1"}],"replies":[{"embeddable":true,"href":"https:\/\/tvbrazilusa.com\/pt\/wp-json\/wp\/v2\/comments?post=100416"}],"version-history":[{"count":1,"href":"https:\/\/tvbrazilusa.com\/pt\/wp-json\/wp\/v2\/posts\/100416\/revisions"}],"predecessor-version":[{"id":100418,"href":"https:\/\/tvbrazilusa.com\/pt\/wp-json\/wp\/v2\/posts\/100416\/revisions\/100418"}],"wp:featuredmedia":[{"embeddable":true,"href":"https:\/\/tvbrazilusa.com\/pt\/wp-json\/wp\/v2\/media\/100417"}],"wp:attachment":[{"href":"https:\/\/tvbrazilusa.com\/pt\/wp-json\/wp\/v2\/media?parent=100416"}],"wp:term":[{"taxonomy":"category","embeddable":true,"href":"https:\/\/tvbrazilusa.com\/pt\/wp-json\/wp\/v2\/categories?post=100416"},{"taxonomy":"post_tag","embeddable":true,"href":"https:\/\/tvbrazilusa.com\/pt\/wp-json\/wp\/v2\/tags?post=100416"}],"curies":[{"name":"wp","href":"https:\/\/api.w.org\/{rel}","templated":true}]}}