{"id":100419,"date":"2025-02-08T00:59:08","date_gmt":"2025-02-08T00:59:08","guid":{"rendered":"https:\/\/tvbrazilusa.com\/2025\/02\/08\/stf-rejeita-recurso-de-gayer-e-mantem-o-deputado-como-reu-por-calunia-e-difamacao\/"},"modified":"2025-02-08T00:59:09","modified_gmt":"2025-02-08T00:59:09","slug":"stf-rejeita-recurso-de-gayer-e-mantem-o-deputado-como-reu-por-calunia-e-difamacao","status":"publish","type":"post","link":"https:\/\/tvbrazilusa.com\/pt\/2025\/02\/08\/stf-rejeita-recurso-de-gayer-e-mantem-o-deputado-como-reu-por-calunia-e-difamacao\/","title":{"rendered":"STF rejeita recurso de Gayer e mant\u00e9m o deputado como r\u00e9u por cal\u00fania e difama\u00e7\u00e3o"},"content":{"rendered":"<p> <script async src=\"https:\/\/pagead2.googlesyndication.com\/pagead\/js\/adsbygoogle.js?client=ca-pub-8864793242727901\"\r\n     crossorigin=\"anonymous\"><\/script><br \/>\n<\/p>\n<div id=\"taboola-read-more\" style=\"display:block; width:100%\">\n<p>A Primeira Turma do Supremo Tribunal Federal (STF) decidiu, nesta sexta-feira, 7, manter o deputado federal Gustavo Gayer (PL-GO) como r\u00e9u em um processo por cal\u00fania, difama\u00e7\u00e3o e inj\u00faria. A decis\u00e3o foi tomada depois que os recursos apresentados pelo parlamentar foram rejeitados.\n<\/p>\n<p>O ministro Alexandre de Moraes, relator do caso, afirmou que Gayer n\u00e3o estava protegido pela imunidade parlamentar no momento das declara\u00e7\u00f5es. O deputado havia usado o argumento para recorrer na decis\u00e3o, ao afirmar que as redes sociais s\u00e3o \u201cextens\u00e3o da atividade parlamentar\u201d.<\/p>\n<p>Em 2023, o deputado publicou nas redes sociais um v\u00eddeo em que acusava senadores de terem sido \u201camea\u00e7ados por ministros da Suprema Corte\u201d. Gayer ainda disse que os parlamentares foram comprados pelo STF para apoiar a elei\u00e7\u00e3o de Rodrigo Pacheco (PSD-MG) \u00e0 presid\u00eancia do Senado. O deputado apoiava a elei\u00e7\u00e3o de Rog\u00e9rio Marinho (PL-RN).\n<\/p>\n<p>Gayer chama senadores de \u201cvagabundos\u201d\n<\/p>\n<p>O deputado tamb\u00e9m criticou diretamente os senadores Vanderlan Cardoso (PSD-GO) e Jorge Kajuru (PSB-GO). Ele os chamou de \u201cdois vagabundos que viraram as costas para o povo em troca de comiss\u00e3o\u201d.\n<\/p>\n<p>Gayer fez cr\u00edticas a Kajuru, ao afirmar que ele \u00e9 \u201cuma caricatura\u201d e que \u201cningu\u00e9m fala com ele, que ele \u00e9 um doido varrido\u201d. Vanderlan Cardoso foi quem apresentou a queixa-crime contra Gayer, o que resultou no processo judicial.\n<\/p>\n<p>A decis\u00e3o foi un\u00e2nime. Moraes foi acompanhado por Cristiano Zanin, Fl\u00e1vio Dino, C\u00e1rmen L\u00facia e Luiz Fux.\n<\/p>\n<p>Fonte: Revista Oeste              <\/p>\n<\/div>\n<p><br \/>\n<br \/><a href=\"https:\/\/diariodobrasilnoticias.com.br\/noticia\/stf-rejeita-recurso-de-gayer-e-mantem-o-deputado-como-reu-por-calunia-e-difamacao-67a684e601945\">Source link <\/a><\/p>","protected":false},"excerpt":{"rendered":"<p>A Primeira Turma do Supremo Tribunal Federal (STF) decidiu, nesta sexta-feira, 7, manter o deputado federal Gustavo Gayer (PL-GO) como r\u00e9u em um processo por cal\u00fania, difama\u00e7\u00e3o e inj\u00faria. A&hellip;<\/p>","protected":false},"author":1,"featured_media":100420,"comment_status":"closed","ping_status":"open","sticky":false,"template":"","format":"standard","meta":{"content-type":"","footnotes":""},"categories":[16],"tags":[123,2448,5313,1267],"class_list":["post-100419","post","type-post","status-publish","format-standard","has-post-thumbnail","hentry","category-noticias","tag-brasil","tag-diario","tag-noticia","tag-noticias"],"_links":{"self":[{"href":"https:\/\/tvbrazilusa.com\/pt\/wp-json\/wp\/v2\/posts\/100419","targetHints":{"allow":["GET"]}}],"collection":[{"href":"https:\/\/tvbrazilusa.com\/pt\/wp-json\/wp\/v2\/posts"}],"about":[{"href":"https:\/\/tvbrazilusa.com\/pt\/wp-json\/wp\/v2\/types\/post"}],"author":[{"embeddable":true,"href":"https:\/\/tvbrazilusa.com\/pt\/wp-json\/wp\/v2\/users\/1"}],"replies":[{"embeddable":true,"href":"https:\/\/tvbrazilusa.com\/pt\/wp-json\/wp\/v2\/comments?post=100419"}],"version-history":[{"count":1,"href":"https:\/\/tvbrazilusa.com\/pt\/wp-json\/wp\/v2\/posts\/100419\/revisions"}],"predecessor-version":[{"id":100421,"href":"https:\/\/tvbrazilusa.com\/pt\/wp-json\/wp\/v2\/posts\/100419\/revisions\/100421"}],"wp:featuredmedia":[{"embeddable":true,"href":"https:\/\/tvbrazilusa.com\/pt\/wp-json\/wp\/v2\/media\/100420"}],"wp:attachment":[{"href":"https:\/\/tvbrazilusa.com\/pt\/wp-json\/wp\/v2\/media?parent=100419"}],"wp:term":[{"taxonomy":"category","embeddable":true,"href":"https:\/\/tvbrazilusa.com\/pt\/wp-json\/wp\/v2\/categories?post=100419"},{"taxonomy":"post_tag","embeddable":true,"href":"https:\/\/tvbrazilusa.com\/pt\/wp-json\/wp\/v2\/tags?post=100419"}],"curies":[{"name":"wp","href":"https:\/\/api.w.org\/{rel}","templated":true}]}}