{"id":100439,"date":"2025-02-08T02:21:50","date_gmt":"2025-02-08T02:21:50","guid":{"rendered":"https:\/\/tvbrazilusa.com\/2025\/02\/08\/lambanca-seguranca-fecha-porta-do-carro-e-quase-esmaga-dedo-do-presidente-lula-veja-video\/"},"modified":"2025-02-08T02:21:51","modified_gmt":"2025-02-08T02:21:51","slug":"lambanca-seguranca-fecha-porta-do-carro-e-quase-esmaga-dedo-do-presidente-lula-veja-video","status":"publish","type":"post","link":"https:\/\/tvbrazilusa.com\/pt\/2025\/02\/08\/lambanca-seguranca-fecha-porta-do-carro-e-quase-esmaga-dedo-do-presidente-lula-veja-video\/","title":{"rendered":"LAMBAN\u00c7A: Seguran\u00e7a fecha porta do carro e quase esmaga dedo do presidente Lula; VEJA V\u00cdDEO"},"content":{"rendered":"<p> <script async src=\"https:\/\/pagead2.googlesyndication.com\/pagead\/js\/adsbygoogle.js?client=ca-pub-8864793242727901\"\r\n     crossorigin=\"anonymous\"><\/script><br \/>\n<\/p>\n<div>\n<figure class=\"post-image\">\n<\/figure>\n<p>            <span style=\"font-size: 12px\">Reprodu\u00e7\u00e3o<\/span><\/p>\n<p>            <!-- end metas --><br \/>\n            <!-- ADS --><\/p>\n<div id=\"taboola-read-more\" style=\"display:block; width:100%\">\n<p>Durante um compromisso oficial, um momento de descuido quase resultou em um incidente com o presidente Lula. Ao fechar a porta do carro, um dos seguran\u00e7as por pouco n\u00e3o prensou o dedo do presidente, gerando tens\u00e3o entre os presentes. Apesar do susto, Lula n\u00e3o sofreu ferimentos e seguiu com sua agenda normalmente.\n<\/p>\n<p>ASSISTA:<\/p>\n<blockquote class=\"twitter-tweet\" data-media-max-width=\"560\">\n<p dir=\"ltr\" lang=\"pt\">O seguran\u00e7a fechou a porta e prendeu a m\u00e3o do Lule \ud83d\ude02\ud83d\ude02\ud83d\ude02\ud83d\ude02\ud83d\ude02\ud83d\ude02\ud83d\ude02\ud83d\ude02\ud83d\ude02\ud83d\ude02\ud83d\ude02\ud83d\ude02\ud83d\ude02\ud83d\ude02\ud83d\ude02\ud83d\ude02\ud83d\ude02\ud83d\ude02\ud83d\ude02\ud83d\ude02\ud83d\ude02\ud83d\ude02\ud83d\ude02\ud83d\ude02\ud83d\ude02<\/p>\n<p>Que faaaaaaaaaaaase&#8230; <a href=\"https:\/\/t.co\/bM9IteU2qv\">pic.twitter.com\/bM9IteU2qv<\/a><br \/>\n\u2014 Sidnelson (@SidneyCaser2) <a href=\"https:\/\/twitter.com\/SidneyCaser2\/status\/1887999243127853453?ref_src=twsrc%5Etfw\">February 7, 2025<\/a><\/p>\n<\/blockquote>\n<\/div>\n<p>Fonte: Reprodu\u00e7\u00e3o\/Redes sociais              <\/p>\n<\/div>\n<p><script async src=\"\/\/platform.twitter.com\/widgets.js\" charset=\"utf-8\"><\/script><br \/>\n<br \/><br \/>\n<br \/><a href=\"https:\/\/diariodobrasilnoticias.com.br\/noticia\/lambanca-seguranca-fecha-porta-do-carro-e-quase-esmaga-dedo-do-presidente-lula-veja-video-67a69a22ea2b0\">Source link <\/a><\/p>","protected":false},"excerpt":{"rendered":"<p>Reprodu\u00e7\u00e3o Durante um compromisso oficial, um momento de descuido quase resultou em um incidente com o presidente Lula. Ao fechar a porta do carro, um dos seguran\u00e7as por pouco n\u00e3o&hellip;<\/p>","protected":false},"author":1,"featured_media":100440,"comment_status":"closed","ping_status":"open","sticky":false,"template":"","format":"standard","meta":{"content-type":"","footnotes":""},"categories":[16],"tags":[123,2448,5313,1267],"class_list":["post-100439","post","type-post","status-publish","format-standard","has-post-thumbnail","hentry","category-noticias","tag-brasil","tag-diario","tag-noticia","tag-noticias"],"_links":{"self":[{"href":"https:\/\/tvbrazilusa.com\/pt\/wp-json\/wp\/v2\/posts\/100439","targetHints":{"allow":["GET"]}}],"collection":[{"href":"https:\/\/tvbrazilusa.com\/pt\/wp-json\/wp\/v2\/posts"}],"about":[{"href":"https:\/\/tvbrazilusa.com\/pt\/wp-json\/wp\/v2\/types\/post"}],"author":[{"embeddable":true,"href":"https:\/\/tvbrazilusa.com\/pt\/wp-json\/wp\/v2\/users\/1"}],"replies":[{"embeddable":true,"href":"https:\/\/tvbrazilusa.com\/pt\/wp-json\/wp\/v2\/comments?post=100439"}],"version-history":[{"count":1,"href":"https:\/\/tvbrazilusa.com\/pt\/wp-json\/wp\/v2\/posts\/100439\/revisions"}],"predecessor-version":[{"id":100441,"href":"https:\/\/tvbrazilusa.com\/pt\/wp-json\/wp\/v2\/posts\/100439\/revisions\/100441"}],"wp:featuredmedia":[{"embeddable":true,"href":"https:\/\/tvbrazilusa.com\/pt\/wp-json\/wp\/v2\/media\/100440"}],"wp:attachment":[{"href":"https:\/\/tvbrazilusa.com\/pt\/wp-json\/wp\/v2\/media?parent=100439"}],"wp:term":[{"taxonomy":"category","embeddable":true,"href":"https:\/\/tvbrazilusa.com\/pt\/wp-json\/wp\/v2\/categories?post=100439"},{"taxonomy":"post_tag","embeddable":true,"href":"https:\/\/tvbrazilusa.com\/pt\/wp-json\/wp\/v2\/tags?post=100439"}],"curies":[{"name":"wp","href":"https:\/\/api.w.org\/{rel}","templated":true}]}}