{"id":100448,"date":"2025-02-08T02:59:56","date_gmt":"2025-02-08T02:59:56","guid":{"rendered":"https:\/\/tvbrazilusa.com\/2025\/02\/08\/marina-silva-nega-influencia-em-exploracao-de-petroleo-na-foz-do-amazonas\/"},"modified":"2025-02-08T02:59:58","modified_gmt":"2025-02-08T02:59:58","slug":"marina-silva-nega-influencia-em-exploracao-de-petroleo-na-foz-do-amazonas","status":"publish","type":"post","link":"https:\/\/tvbrazilusa.com\/pt\/2025\/02\/08\/marina-silva-nega-influencia-em-exploracao-de-petroleo-na-foz-do-amazonas\/","title":{"rendered":"Marina Silva nega influ\u00eancia em explora\u00e7\u00e3o de petr\u00f3leo na Foz do Amazonas"},"content":{"rendered":"<p> <script async src=\"https:\/\/pagead2.googlesyndication.com\/pagead\/js\/adsbygoogle.js?client=ca-pub-8864793242727901\"\r\n     crossorigin=\"anonymous\"><\/script><br \/>\n<\/p>\n<div>\n<figure class=\"post-image\">\n<\/figure>\n<p>            <span style=\"font-size: 12px\">Foto: Felipe Werneck\/MMA<\/span><\/p>\n<p>            <!-- end metas --><br \/>\n            <!-- ADS --><\/p>\n<div id=\"taboola-read-more\" style=\"display:block; width:100%\">\n<p>A ministra do Meio Ambiente, Marina Silva, afirmou que a decis\u00e3o sobre a explora\u00e7\u00e3o de petr\u00f3leo na Bacia Foz do Amazonas n\u00e3o cabe ao seu minist\u00e9rio, mas sim trata-se de uma quest\u00e3o t\u00e9cnica de licenciamento ambiental.\n<\/p>\n<p>\u201cPrecisamos separar de quem s\u00e3o as compet\u00eancias da defini\u00e7\u00e3o da pol\u00edtica energ\u00e9tica brasileira e de quem s\u00e3o as compet\u00eancias da concess\u00e3o de licen\u00e7as ambientais\u201d, disse Marina.<\/p>\n<p>\u00a0<\/p>\n<p>O Ibama, segundo a ministra, realiza apenas an\u00e1lises de viabilidade ambiental, enquanto a pol\u00edtica energ\u00e9tica \u00e9 responsabilidade do Conselho Nacional da Pol\u00edtica Energ\u00e9tica (CNPE).\n<\/p>\n<h2 class=\"wp-block-heading\">Lula apoia explora\u00e7\u00e3o<\/h2>\n<p>Em 25 de janeiro, o presidente Luiz In\u00e1cio Lula da Silva expressou apoio \u00e0 explora\u00e7\u00e3o de petr\u00f3leo na Bacia Foz do Amazonas, afirmando que isso pode ser feito sem prejudicar o meio ambiente.\n<\/p>\n<blockquote class=\"wp-block-quote is-layout-flow wp-block-quote-is-layout-flow\">\n<p>\u201cQueremos o petr\u00f3leo, porque ele ainda vai existir muito tempo\u201d, disse o presidente. \u201cTemos que utilizar o petr\u00f3leo para fazer a nossa transi\u00e7\u00e3o energ\u00e9tica, que vai precisar de muito dinheiro.\u201d\n<\/p>\n<\/blockquote>\n<\/div>\n<p>Lula mencionou pa\u00edses vizinhos, como a Guiana e o Suriname, que est\u00e3o explorando petr\u00f3leo perto da margem equatorial brasileira.\n<\/p>\n<p>O governo espera que o Ibama conceda autoriza\u00e7\u00e3o para a explora\u00e7\u00e3o no primeiro semestre deste ano, antes da COP30. A proximidade da confer\u00eancia da ONU sobre mudan\u00e7as clim\u00e1ticas \u00e9 um dos motivos para acelerar a libera\u00e7\u00e3o, conforme argumenta o Pal\u00e1cio do Planalto.\n<\/p>\n<p>\u00a0<\/p>\n<div class=\"autozep-outer\">\n<p>Lula destacou a import\u00e2ncia do petr\u00f3leo na transi\u00e7\u00e3o energ\u00e9tica, considerando a atividade como uma fonte de recursos significativa para essa transforma\u00e7\u00e3o.\n<\/p>\n<h2 class=\"wp-block-heading\">Petr\u00f3leo na Foz do Amazonas: pedidos foram atendidos, diz presidente da Petrobras<\/h2>\n<p>A presidente da Petrobras, Magda Chambriard, disse na \u00faltima ter\u00e7a-feira, 4, que a petrol\u00edfera atendeu \u00e0s demandas colocadas pelo Instituto Brasileiro de Meio Ambiente e Recursos Naturais Renov\u00e1veis (Ibama) para a explora\u00e7\u00e3o de petr\u00f3leo na Foz do Amazonas.\n<\/p>\n<p>\u201cEstamos construindo o Centro de Reabilita\u00e7\u00e3o da Fauna no Oiapoque, que deve ficar pronto agora em mar\u00e7o\u201d, disse Magda, sobre uma das condi\u00e7\u00f5es da autarquia. Ela participava do F\u00f3rum Brasil de Energia, na Federa\u00e7\u00e3o das Ind\u00fastrias do Estado do Rio de Janeiro (Firjan), na capital do RJ.\n<\/p>\n<p>Magda tamb\u00e9m afirmou que a empresa \u201centregou toda a demanda do Ibama\u201d no \u00faltimo ano, em novembro. \u201cN\u00f3s estamos em um processo de licenciamento [\u2026] Agora estamos aguardando a avalia\u00e7\u00e3o do Ibama sobre o material\u201d.\n<\/p>\n<p>A Margem Equatorial se estende pela fronteira do Amap\u00e1 com a Guiana Francesa at\u00e9 a Ba\u00eda do Maraj\u00f3, pr\u00f3ximo \u00e0 capital paraense, Bel\u00e9m. Contando toda a Margem Equatorial, a fronteira para explora\u00e7\u00e3o agrupa cinco bacias sedimentares, que juntas possuem 42 blocos. A Petrobras tem 16 po\u00e7os desses, no entanto, s\u00f3 tem autoriza\u00e7\u00e3o do Ibama para perfurar dois deles \u2014 esses, na costa do Rio Grande do Norte (Potiguar).\n<\/p>\n<p>Estima-se que as potenciais reservas da Margem Equatorial como um todo possam conter de 10 bilh\u00f5es a 30 bilh\u00f5es de barris.\u00a0\n<\/p>\n<p>Mesmo com pretens\u00e3o de investir cerca de US$ 3 bilh\u00f5es at\u00e9 2029, segundo o plano estrat\u00e9gico da companhia para o pr\u00f3ximo quinqu\u00eanio, as opera\u00e7\u00f5es est\u00e3o travadas (com exce\u00e7\u00e3o dos blocos potiguares).\n<\/p>\n<p>Em 2024, t\u00e9cnicos do Ibama recomendaram manter a negativa da licen\u00e7a ambiental, e, ainda no Poder Executivo, a ministra do Meio Ambiente, Marina Silva, tem refor\u00e7ado a burocracia do \u00f3rg\u00e3o ambiental.\n<\/p>\n<p>J\u00e1 Lula, em conversa recente com o novo presidente do Senado, Davi Alcolumbre (Uni\u00e3o Brasil-AP), afirmou o compromisso em destravar a situa\u00e7\u00e3o. Alcolumbre, eleito pelo Amap\u00e1, \u00e9 um defensor da produ\u00e7\u00e3o de petr\u00f3leo, pelos recursos financeiros que podem chegar ao Estado.\n<\/p>\n<p>Fonte: Revista Oeste\n<\/p>\n<\/div><\/div>\n<p><br \/>\n<br \/><a href=\"https:\/\/diariodobrasilnoticias.com.br\/noticia\/marina-silva-nega-influencia-em-exploracao-de-petroleo-na-foz-do-amazonas-67a69d60221dd\">Source link <\/a><\/p>","protected":false},"excerpt":{"rendered":"<p>Foto: Felipe Werneck\/MMA A ministra do Meio Ambiente, Marina Silva, afirmou que a decis\u00e3o sobre a explora\u00e7\u00e3o de petr\u00f3leo na Bacia Foz do Amazonas n\u00e3o cabe ao seu minist\u00e9rio, mas&hellip;<\/p>","protected":false},"author":1,"featured_media":100449,"comment_status":"closed","ping_status":"open","sticky":false,"template":"","format":"standard","meta":{"content-type":"","footnotes":""},"categories":[16],"tags":[123,2448,5313,1267],"class_list":["post-100448","post","type-post","status-publish","format-standard","has-post-thumbnail","hentry","category-noticias","tag-brasil","tag-diario","tag-noticia","tag-noticias"],"_links":{"self":[{"href":"https:\/\/tvbrazilusa.com\/pt\/wp-json\/wp\/v2\/posts\/100448","targetHints":{"allow":["GET"]}}],"collection":[{"href":"https:\/\/tvbrazilusa.com\/pt\/wp-json\/wp\/v2\/posts"}],"about":[{"href":"https:\/\/tvbrazilusa.com\/pt\/wp-json\/wp\/v2\/types\/post"}],"author":[{"embeddable":true,"href":"https:\/\/tvbrazilusa.com\/pt\/wp-json\/wp\/v2\/users\/1"}],"replies":[{"embeddable":true,"href":"https:\/\/tvbrazilusa.com\/pt\/wp-json\/wp\/v2\/comments?post=100448"}],"version-history":[{"count":1,"href":"https:\/\/tvbrazilusa.com\/pt\/wp-json\/wp\/v2\/posts\/100448\/revisions"}],"predecessor-version":[{"id":100450,"href":"https:\/\/tvbrazilusa.com\/pt\/wp-json\/wp\/v2\/posts\/100448\/revisions\/100450"}],"wp:featuredmedia":[{"embeddable":true,"href":"https:\/\/tvbrazilusa.com\/pt\/wp-json\/wp\/v2\/media\/100449"}],"wp:attachment":[{"href":"https:\/\/tvbrazilusa.com\/pt\/wp-json\/wp\/v2\/media?parent=100448"}],"wp:term":[{"taxonomy":"category","embeddable":true,"href":"https:\/\/tvbrazilusa.com\/pt\/wp-json\/wp\/v2\/categories?post=100448"},{"taxonomy":"post_tag","embeddable":true,"href":"https:\/\/tvbrazilusa.com\/pt\/wp-json\/wp\/v2\/tags?post=100448"}],"curies":[{"name":"wp","href":"https:\/\/api.w.org\/{rel}","templated":true}]}}