{"id":100559,"date":"2025-02-08T13:21:28","date_gmt":"2025-02-08T13:21:28","guid":{"rendered":"https:\/\/tvbrazilusa.com\/2025\/02\/08\/gastos-com-o-funcionalismo-publico-registram-alta-pelo-segundo-ano-consecutivo-em-2024-durante-o-governo-lula-veja-os-valores\/"},"modified":"2025-02-08T13:21:32","modified_gmt":"2025-02-08T13:21:32","slug":"gastos-com-o-funcionalismo-publico-registram-alta-pelo-segundo-ano-consecutivo-em-2024-durante-o-governo-lula-veja-os-valores","status":"publish","type":"post","link":"https:\/\/tvbrazilusa.com\/pt\/2025\/02\/08\/gastos-com-o-funcionalismo-publico-registram-alta-pelo-segundo-ano-consecutivo-em-2024-durante-o-governo-lula-veja-os-valores\/","title":{"rendered":"Gastos com o funcionalismo p\u00fablico registram alta pelo segundo ano consecutivo em 2024 durante o governo Lula; veja os valores"},"content":{"rendered":"<p> <script async src=\"https:\/\/pagead2.googlesyndication.com\/pagead\/js\/adsbygoogle.js?client=ca-pub-8864793242727901\"\r\n     crossorigin=\"anonymous\"><\/script><br \/>\n<\/p>\n<div id=\"taboola-read-more\" style=\"display:block; width:100%\">\n<p>Os gastos recorrentes com funcion\u00e1rios p\u00fablicos da Uni\u00e3o somaram R$ 370,6 bilh\u00f5es em 2024. Esse foi o maior valor desde 2021, quando totalizou R$ 389,1 bilh\u00f5es, em valores corrigidos pela infla\u00e7\u00e3o. O governo Luiz In\u00e1cio Lula da Silva (PT) registrou o 2\u00ba ano de alta seguido nas despesas com o pessoal e encargos sociais.\n<\/p>\n<p>As despesas com o funcionalismo ca\u00edram em 2020, 2021 e em 2022, principalmente por causa do congelamento de reajustes salariais no per\u00edodo da pandemia de covid-19. Tiveram alta de 0,54% em 2023 e de 1,23% em 2024, ao considerar a varia\u00e7\u00e3o real. Os dados s\u00e3o do Tesouro Nacional.<\/p>\n<\/p>\n<p>As despesas com pessoal e encargos sociais s\u00e3o a 3\u00aa maior cifra do Or\u00e7amento, atr\u00e1s somente dos juros da d\u00edvida e dos benef\u00edcios previdenci\u00e1rios. A ministra da Gest\u00e3o e Inova\u00e7\u00e3o, Esther Dweck, j\u00e1 se pronunciou diversas vezes contra a PEC (Proposta de Emenda \u00e0 Constitui\u00e7\u00e3o) 32 de 2020, que trata sobre a reforma administrativa para enxugar os custos.\n<\/p>\n<p>Para a ministra, a medida \u201cquer punir\u201d os funcion\u00e1rios p\u00fablicos. O Minist\u00e9rio da Gest\u00e3o e Inova\u00e7\u00e3o em Servi\u00e7os P\u00fablicos disse que o Estado brasileiro passa por um \u201cprocesso de transforma\u00e7\u00e3o\u201d para torn\u00e1-lo mais \u201ceficiente, justo e sustent\u00e1vel\u201d. Eis a \u00edntegra do comunicado (PDF \u2013 353 kB).\n<\/p>\n<p>O minist\u00e9rio afirma que o governo adotou uma s\u00e9rie de medidas, como a reestrutura\u00e7\u00e3o de carreiras e a recomposi\u00e7\u00e3o de pessoal no setor p\u00fablico federal \u201ccom a realiza\u00e7\u00e3o de concursos, a exemplo do Concurso Nacional Unificado\u201d.\n<\/p>\n<p>O Poder360 j\u00e1 mostrou que os gastos com pessoal e encargos sociais dever\u00e1 subir em 2025, puxados tamb\u00e9m pela contrata\u00e7\u00e3o dos aprovados no \u201cEnem dos concursos\u201d.\n<\/p>\n<p>O Concurso Nacional Unificado criar\u00e1 6.640 vagas imediatas no servi\u00e7o p\u00fablico em 2025. O MGI disse que o Poder Executivo perdeu mais de 240 mil funcion\u00e1rios p\u00fablicos de 2010 a 2023. Al\u00e9m disso, h\u00e1 180 mil trabalhadores que estar\u00e3o aptos a se aposentarem at\u00e9 2035.\n<\/p>\n<p>Segundo o \u00f3rg\u00e3o, a reestrutura\u00e7\u00e3o n\u00e3o ampliou significativamente a despesa em propor\u00e7\u00e3o do PIB (Produto Interno Bruto).\n<\/p>\n<p>\u201cMesmo com o pequeno aumento no total de servidores entre 2023 e 2024, os reajustes negociados em 2024 \u2013que somados aos acordos anteriores, garantem recomposi\u00e7\u00e3o salarial para 100% dos servidores ativos, aposentados e pensionistas da Uni\u00e3o\u2013, a despesa com pessoal seguir\u00e1 est\u00e1vel como propor\u00e7\u00e3o do PIB, refor\u00e7ando o compromisso com a responsabilidade fiscal e com os limites do arcabou\u00e7o fiscal e representando menos de 2,6% em 2026\u201d, disse.\n<\/p>\n<p>\u201cO objetivo final de qualquer reforma deve ser desenvolver a capacidade de o Estado entregar mais e melhores pol\u00edticas e servi\u00e7os p\u00fablicos para a popula\u00e7\u00e3o e o setor produtivo, e n\u00e3o necessariamente reduzi-lo. O que faz um Estado eficiente, entre outros aspectos, e ter servidores bem-preparados e comprometidos com as pol\u00edticas p\u00fablicas\u201d, disse o Minist\u00e9rio da Gest\u00e3o.\n<\/p>\n<p><strong>A\u00c7\u00d5ES JUDICIAIS<\/strong>\n<\/p>\n<p>As despesas com precat\u00f3rios e senten\u00e7as judiciais movidas por funcion\u00e1rios p\u00fablicos recuaram de R$ 21,1 bilh\u00f5es em 2023 para R$ 4,3 bilh\u00f5es em 2024. Os precat\u00f3rios s\u00e3o d\u00edvidas decorrente de decis\u00e3o judicial, uma derrota do Poder Executivo na Justi\u00e7a, sem mais nenhuma chance de apela\u00e7\u00e3o nem de posterga\u00e7\u00e3o.\n<\/p>\n<p>Ao considerar todas as cifras, os gastos com funcion\u00e1rios p\u00fablicos somaram R$ 375,0 bilh\u00f5es em 2024, com queda de 3,2% em rela\u00e7\u00e3o a 2023, quando totalizou R$ 387,3 bilh\u00f5es.\n<\/p>\n<p><img fetchpriority=\"high\" decoding=\"async\" src=\"https:\/\/static.poder360.com.br\/2025\/02\/funcionarios-publicos-gastos-5-fev-2025-02-2048x2048.png\" alt=\"\" width=\"2048\" height=\"2048\"\/>\n<\/p>\n<p>O ministro da Fazenda, Fernando Haddad, critica o governo Jair Bolsonaro (PL) por adiar o pagamento de precat\u00f3rios, n\u00e3o s\u00f3 para pessoal e encargos sociais, mas tamb\u00e9m para outras \u00e1reas. Segundo ele, houve um calote que impactou as contas p\u00fablicas no ano seguinte.\n<\/p>\n<p>Para Haddad, o superavit prim\u00e1rio de R$ 54 bilh\u00f5es em 2022 no \u00faltimo ano do governo Bolsonaro foi artificial. Disse que fez uma \u201cpedalada\u201d de aproximadamente R$ 90 bilh\u00f5es com os precat\u00f3rios. O ministro declarou ainda que outras despesas n\u00e3o constavam no Or\u00e7amento de 2023, como R$ 60 bilh\u00f5es com o Bolsa Fam\u00edlia, de R$ 15 bilh\u00f5es com a Previd\u00eancia Social e de R$ 26,9 bilh\u00f5es com a compensa\u00e7\u00e3o do ICMS (Imposto sobre Circula\u00e7\u00e3o de Mercadorias e Servi\u00e7os) sobre os combust\u00edveis aos Estados. A equipe do ex-ministro da Economia Paulo Guedes contesta os dados.\n<\/p>\n<p>\u00a0O Minist\u00e9rio do Planejamento e Or\u00e7amentou enviou em dezembro de 2023 uma Medida Provis\u00f3ria que permitiu abrir cr\u00e9dito extraordin\u00e1rio para quitar R$ 93,143 bilh\u00f5es em precat\u00f3rios em 2024.\n<\/p>\n<p>\u201cEm rela\u00e7\u00e3o \u00e0 parte de senten\u00e7as, no que tange especificamente aos precat\u00f3rios, em 2023 foram pagos R$ 17,1 bilh\u00f5es de precat\u00f3rios de pessoal (dos quais R$ 12,8 bilh\u00f5es relativos ao passivo de precat\u00f3rios pago em dezembro). J\u00e1 em 2024, foi pago somente R$ 1,0 bilh\u00e3o de precat\u00f3rios. Assim, a varia\u00e7\u00e3o no pagamento de precat\u00f3rios pode explicar parte dessa evolu\u00e7\u00e3o mais contida da despesa de pessoal\u201d, disse o Tesouro Nacional ao Poder360.\n<\/p>\n<p>O Minist\u00e9rio do Planejamento e Or\u00e7amento disse que, do montante total executado em senten\u00e7as judiciais classificadas como pessoal e encargos sociais em 2023, R$ 12,83 bilh\u00f5es estavam relacionados \u00e0 supracitada MP. Na tabela abaixo enviada pelo \u00f3rg\u00e3o, as despesas com senten\u00e7as tiveram uma queda de 81,4% de 2023 a 2024.\n<\/p>\n<p><img decoding=\"async\" src=\"https:\/\/static.poder360.com.br\/2025\/02\/gastos-funcionalismo-7fev2025.png\" alt=\"\" width=\"1822\" height=\"758\"\/>\n<\/p>\n<p>Reprodu\u00e7\u00e3o\n<\/p>\n<p>Fonte: Poder360              <\/p>\n<\/div>\n<p><br \/>\n<br \/><a href=\"https:\/\/diariodobrasilnoticias.com.br\/noticia\/gastos-com-o-funcionalismo-publico-registram-alta-pelo-segundo-ano-consecutivo-em-2024-durante-o-governo-lula-veja-os-valores-67a758262b846\">Source link <\/a><\/p>","protected":false},"excerpt":{"rendered":"<p>Os gastos recorrentes com funcion\u00e1rios p\u00fablicos da Uni\u00e3o somaram R$ 370,6 bilh\u00f5es em 2024. Esse foi o maior valor desde 2021, quando totalizou R$ 389,1 bilh\u00f5es, em valores corrigidos pela&hellip;<\/p>","protected":false},"author":1,"featured_media":100560,"comment_status":"closed","ping_status":"open","sticky":false,"template":"","format":"standard","meta":{"content-type":"","footnotes":""},"categories":[16],"tags":[123,2448,5313,1267],"class_list":["post-100559","post","type-post","status-publish","format-standard","has-post-thumbnail","hentry","category-noticias","tag-brasil","tag-diario","tag-noticia","tag-noticias"],"_links":{"self":[{"href":"https:\/\/tvbrazilusa.com\/pt\/wp-json\/wp\/v2\/posts\/100559","targetHints":{"allow":["GET"]}}],"collection":[{"href":"https:\/\/tvbrazilusa.com\/pt\/wp-json\/wp\/v2\/posts"}],"about":[{"href":"https:\/\/tvbrazilusa.com\/pt\/wp-json\/wp\/v2\/types\/post"}],"author":[{"embeddable":true,"href":"https:\/\/tvbrazilusa.com\/pt\/wp-json\/wp\/v2\/users\/1"}],"replies":[{"embeddable":true,"href":"https:\/\/tvbrazilusa.com\/pt\/wp-json\/wp\/v2\/comments?post=100559"}],"version-history":[{"count":1,"href":"https:\/\/tvbrazilusa.com\/pt\/wp-json\/wp\/v2\/posts\/100559\/revisions"}],"predecessor-version":[{"id":100561,"href":"https:\/\/tvbrazilusa.com\/pt\/wp-json\/wp\/v2\/posts\/100559\/revisions\/100561"}],"wp:featuredmedia":[{"embeddable":true,"href":"https:\/\/tvbrazilusa.com\/pt\/wp-json\/wp\/v2\/media\/100560"}],"wp:attachment":[{"href":"https:\/\/tvbrazilusa.com\/pt\/wp-json\/wp\/v2\/media?parent=100559"}],"wp:term":[{"taxonomy":"category","embeddable":true,"href":"https:\/\/tvbrazilusa.com\/pt\/wp-json\/wp\/v2\/categories?post=100559"},{"taxonomy":"post_tag","embeddable":true,"href":"https:\/\/tvbrazilusa.com\/pt\/wp-json\/wp\/v2\/tags?post=100559"}],"curies":[{"name":"wp","href":"https:\/\/api.w.org\/{rel}","templated":true}]}}