{"id":100585,"date":"2025-02-08T14:45:10","date_gmt":"2025-02-08T14:45:10","guid":{"rendered":"https:\/\/tvbrazilusa.com\/2025\/02\/08\/projeto-em-tramitacao-na-camara-dos-deputados-quer-aumentar-penas-de-crimes-contra-pessoas-com-deficiencia-e-pessoas-idosas-veja-mais-detalhes\/"},"modified":"2025-02-08T14:45:12","modified_gmt":"2025-02-08T14:45:12","slug":"projeto-em-tramitacao-na-camara-dos-deputados-quer-aumentar-penas-de-crimes-contra-pessoas-com-deficiencia-e-pessoas-idosas-veja-mais-detalhes","status":"publish","type":"post","link":"https:\/\/tvbrazilusa.com\/pt\/2025\/02\/08\/projeto-em-tramitacao-na-camara-dos-deputados-quer-aumentar-penas-de-crimes-contra-pessoas-com-deficiencia-e-pessoas-idosas-veja-mais-detalhes\/","title":{"rendered":"Projeto em tramita\u00e7\u00e3o na C\u00e2mara dos Deputados quer aumentar penas de crimes contra pessoas com defici\u00eancia e pessoas idosas; veja mais detalhes"},"content":{"rendered":"<p> <script async src=\"https:\/\/pagead2.googlesyndication.com\/pagead\/js\/adsbygoogle.js?client=ca-pub-8864793242727901\"\r\n     crossorigin=\"anonymous\"><\/script><br \/>\n<\/p>\n<div id=\"taboola-read-more\" style=\"display:block; width:100%\">\n<p>Um PL (projeto de lei) do ex-deputado Paulinho Freire (Uni\u00e3o Brasil-RN) quer aumentar as penas de crimes contra pessoas com defici\u00eancia e pessoas idosas. A proposta est\u00e1 sob an\u00e1lise das comiss\u00f5es de Defesa dos Direitos da Pessoa Idosa e de Defesa dos Direitos das Pessoas com Defici\u00eancia da C\u00e2mara dos Deputados.\n<\/p>\n<p>O hoje prefeito de Natal (RN) explica que o objetivo do PL 3.720 de 2024 \u00e9 aumentar as puni\u00e7\u00f5es para quem discriminar as pessoas com defici\u00eancia ou abandonar tanto idosos quanto pessoas com defici\u00eancia em hospitais, casas de sa\u00fade e outras entidades.<\/p>\n<p>\u201cS\u00e3o delitos que atacam a integridade ps\u00edquica e a dignidade, causando efeitos que poder\u00e3o se prolongar por toda a vida da v\u00edtima e afetar sua sa\u00fade mental, prejudicando ou mesmo eliminando sua integra\u00e7\u00e3o \u00e0 comunidade\u201d, afirmou o congressista.\n<\/p>\n<p>Conforme o projeto, a pena para quem abandonar pessoa idosa passa a ser reclus\u00e3o de 1 a 3 anos e multa. Hoje, essa pena \u00e9 deten\u00e7\u00e3o de 6 meses a 3 anos e multa.\n<\/p>\n<p>No que diz respeito \u00e0 pessoa com defici\u00eancia, o projeto estabelece reclus\u00e3o de 2 a 5 anos e multa para quem discrimin\u00e1-la. Atualmente, a pena \u00e9 reclus\u00e3o de 1 a 3 anos e multa.\n<\/p>\n<p>J\u00e1 a pena para quem abandonar a pessoa com defici\u00eancia passa a ser reclus\u00e3o de 1 a 3 anos e multa. Hoje o ato \u00e9 punido com reclus\u00e3o de 6 meses a 3 anos e multa.\n<\/p>\n<p>A causa de aumento de pena, em \u2153, ocorrer\u00e1 se o crime for praticado por quem tem o dever do cuidado e a responsabilidade em rela\u00e7\u00e3o ao idoso ou \u00e0 pessoa com defici\u00eancia. \u201cNesse caso, a conduta do agente \u00e9 bem mais grave, justamente porque quem pratica o crime \u00e9 quem teria o dever de zelar pela pessoa idosa\u201d, diz Paulinho Freire.\n<\/p>\n<p>O texto altera o Estatuto da Pessoa Idosa e o Estatuto da Pessoa com Defici\u00eancia.\n<\/p>\n<p>Depois de aprovado pelas comiss\u00f5es espec\u00edficas, precisa ser analisado pela Comiss\u00e3o de Constitui\u00e7\u00e3o e Justi\u00e7a e de Cidadania, antes de ser votado pelo plen\u00e1rio da C\u00e2mara.\n<\/p>\n<p>Para virar lei, a medida precisa ser aprovada pelos deputados e pelos senadores.\n<\/p>\n<p>Fonte: Poder360              <\/p>\n<\/div>\n<p><br \/>\n<br \/><a href=\"https:\/\/diariodobrasilnoticias.com.br\/noticia\/projeto-em-tramitacao-na-camara-dos-deputados-quer-aumentar-penas-de-crimes-contra-pessoas-com-deficiencia-e-pessoas-idosas-veja-mais-detalhes-67a75627e2d07\">Source link <\/a><\/p>","protected":false},"excerpt":{"rendered":"<p>Um PL (projeto de lei) do ex-deputado Paulinho Freire (Uni\u00e3o Brasil-RN) quer aumentar as penas de crimes contra pessoas com defici\u00eancia e pessoas idosas. A proposta est\u00e1 sob an\u00e1lise das&hellip;<\/p>","protected":false},"author":1,"featured_media":100586,"comment_status":"closed","ping_status":"open","sticky":false,"template":"","format":"standard","meta":{"content-type":"","footnotes":""},"categories":[16],"tags":[123,2448,5313,1267],"class_list":["post-100585","post","type-post","status-publish","format-standard","has-post-thumbnail","hentry","category-noticias","tag-brasil","tag-diario","tag-noticia","tag-noticias"],"_links":{"self":[{"href":"https:\/\/tvbrazilusa.com\/pt\/wp-json\/wp\/v2\/posts\/100585","targetHints":{"allow":["GET"]}}],"collection":[{"href":"https:\/\/tvbrazilusa.com\/pt\/wp-json\/wp\/v2\/posts"}],"about":[{"href":"https:\/\/tvbrazilusa.com\/pt\/wp-json\/wp\/v2\/types\/post"}],"author":[{"embeddable":true,"href":"https:\/\/tvbrazilusa.com\/pt\/wp-json\/wp\/v2\/users\/1"}],"replies":[{"embeddable":true,"href":"https:\/\/tvbrazilusa.com\/pt\/wp-json\/wp\/v2\/comments?post=100585"}],"version-history":[{"count":1,"href":"https:\/\/tvbrazilusa.com\/pt\/wp-json\/wp\/v2\/posts\/100585\/revisions"}],"predecessor-version":[{"id":100587,"href":"https:\/\/tvbrazilusa.com\/pt\/wp-json\/wp\/v2\/posts\/100585\/revisions\/100587"}],"wp:featuredmedia":[{"embeddable":true,"href":"https:\/\/tvbrazilusa.com\/pt\/wp-json\/wp\/v2\/media\/100586"}],"wp:attachment":[{"href":"https:\/\/tvbrazilusa.com\/pt\/wp-json\/wp\/v2\/media?parent=100585"}],"wp:term":[{"taxonomy":"category","embeddable":true,"href":"https:\/\/tvbrazilusa.com\/pt\/wp-json\/wp\/v2\/categories?post=100585"},{"taxonomy":"post_tag","embeddable":true,"href":"https:\/\/tvbrazilusa.com\/pt\/wp-json\/wp\/v2\/tags?post=100585"}],"curies":[{"name":"wp","href":"https:\/\/api.w.org\/{rel}","templated":true}]}}