{"id":100588,"date":"2025-02-08T14:57:49","date_gmt":"2025-02-08T14:57:49","guid":{"rendered":"https:\/\/tvbrazilusa.com\/2025\/02\/08\/em-2024-o-governo-lula-teve-aumento-no-numero-de-funcionarios-publicos-no-executivo-comparado-a-2023-veja-os-numeros\/"},"modified":"2025-02-08T14:57:54","modified_gmt":"2025-02-08T14:57:54","slug":"em-2024-o-governo-lula-teve-aumento-no-numero-de-funcionarios-publicos-no-executivo-comparado-a-2023-veja-os-numeros","status":"publish","type":"post","link":"https:\/\/tvbrazilusa.com\/pt\/2025\/02\/08\/em-2024-o-governo-lula-teve-aumento-no-numero-de-funcionarios-publicos-no-executivo-comparado-a-2023-veja-os-numeros\/","title":{"rendered":"Em 2024, o governo Lula teve aumento no n\u00famero de funcion\u00e1rios p\u00fablicos no Executivo comparado a 2023; veja os n\u00fameros"},"content":{"rendered":"<p> <script async src=\"https:\/\/pagead2.googlesyndication.com\/pagead\/js\/adsbygoogle.js?client=ca-pub-8864793242727901\"\r\n     crossorigin=\"anonymous\"><\/script><br \/>\n<\/p>\n<div id=\"taboola-read-more\" style=\"display:block; width:100%\">\n<p>O governo do presidente Luiz In\u00e1cio Lula da Silva (PT) encerrou 2024 com 574.930 funcion\u00e1rios p\u00fablicos na ativa. O n\u00famero representa uma alta de 0,53% na compara\u00e7\u00e3o com o ano anterior, quando havia 571.873 pessoas trabalhando no Executivo.\n<\/p>\n<p>Trata-se do maior contingente de funcion\u00e1rios desde 2021 \u2013naquele ano, o contingente era de 583.674 funcion\u00e1rios. Por 2 anos seguidos, a m\u00e1quina p\u00fablica aumentou. O crescimento coincide com a volta de Lula ao Planalto.<\/p>\n<p><strong>Leia a trajet\u00f3ria anual de funcion\u00e1rios p\u00fablicos no Executivo, de 1999 a 2024:<\/strong>\n<\/p>\n<p><strong><\/strong>\n<\/p>\n<p>O levantamento do Poder360 foi feito a partir de dados do Painel Estat\u00edstico de Pessoal, do governo federal.\n<\/p>\n<p>Em 2023, o n\u00famero registrado interrompeu 5 anos consecutivos de redu\u00e7\u00e3o de funcion\u00e1rios p\u00fablicos ativos. A alta nos 2 \u00faltimos anos sinaliza uma revers\u00e3o da tend\u00eancia de n\u00e3o repor funcion\u00e1rios que se aposentam.\n<\/p>\n<p>O contingente deve aumentar consideravelmente com a contrata\u00e7\u00e3o dos aprovados no \u201cEnem dos Concursos\u201d. Ao todo, 6.640 vagas foram ofertadas no certame realizado no ano passado.\n<\/p>\n<p>O pico de funcion\u00e1rios se deu em 2017, sob a presid\u00eancia de Michel Temer (MDB), quando atingiu 634.157 trabalhadores. O menor patamar no s\u00e9culo 21 foi em 2002 (493.272), sob o governo de Fernando Henrique Cardoso (PSDB).\n<\/p>\n<p><strong>ENTRADAS<\/strong>\n<\/p>\n<p>O governo registrou o ingresso de 36.977 no ano passado. A maior quantidade se deu em institutos federais de ensino superior (17.726 contratados). O Minist\u00e9rio da Sa\u00fade aparece na sequ\u00eancia, com 6.075 entradas.\n<\/p>\n<p>Por cargo, o maior n\u00famero de contrata\u00e7\u00f5es foi para o programa Mais M\u00e9dicos (5.492).\n<\/p>\n<p><img fetchpriority=\"high\" decoding=\"async\" src=\"https:\/\/static.poder360.com.br\/2025\/02\/contratacoes-2024-funcionalismo-7-fev-2025-04-2048x2048.png\" alt=\"\" width=\"2048\" height=\"2048\"\/>\n<\/p>\n<p>Em contrapartida, houve 5.107 desligamentos. O Minist\u00e9rio da Sa\u00fade foi o \u00f3rg\u00e3o com mais demiss\u00f5es (185), seguido pelo INSS (Instituto Nacional do Seguro Social), com 180 sa\u00eddas.\n<\/p>\n<p><strong>GASTOS COM FUNCIONALISMO<\/strong>\n<\/p>\n<p>Os gastos recorrentes com funcion\u00e1rios p\u00fablicos da Uni\u00e3o somaram R$ 370,6 bilh\u00f5es em 2024. Esse foi o maior valor desde 2021, quando totalizou R$ 389,1 bilh\u00f5es, em valores corrigidos pela infla\u00e7\u00e3o. O governo Luiz In\u00e1cio Lula da Silva (PT) registrou o 2\u00ba ano de alta seguido nas despesas com o pessoal e encargos sociais.\n<\/p>\n<p>As despesas com o funcionalismo ca\u00edram em 2020, 2021 e em 2022, principalmente por causa do congelamento de reajustes salariais no per\u00edodo da pandemia de covid-19. Tiveram alta de 0,54% em 2023 e de 1,23% em 2024, ao considerar a varia\u00e7\u00e3o real. Os dados s\u00e3o do Tesouro Nacional.\n<\/p>\n<p><img decoding=\"async\" src=\"https:\/\/static.poder360.com.br\/2025\/02\/funcionarios-publicos-gastos-5-fev-2025-05-2048x2048.png\" alt=\"\" width=\"2048\" height=\"2048\"\/>\n<\/p>\n<p><strong>REFORMA FORA DO RADAR<\/strong>\n<\/p>\n<p>A ministra da Gest\u00e3o e Inova\u00e7\u00e3o, Esther Dweck, j\u00e1 se pronunciou diversas vezes contra a PEC 32 de 2020, que trata de uma reforma administrativa. Para ela, a medida \u201cquer punir\u201d os funcion\u00e1rios p\u00fablicos.\n<\/p>\n<p>O atual governo n\u00e3o cogita uma alternativa a essa PEC. N\u00e3o h\u00e1 neste momento nenhum interesse de o Planalto incentivar uma reforma administrativa para enxugar os custos.\n<\/p>\n<p>O presidente Lula acredita no Estado como indutor do crescimento. A tend\u00eancia \u00e9 de crescimento no contingente de funcion\u00e1rios em raz\u00e3o de novos concursos.\n<\/p>\n<p><strong>OUTRO LADO<\/strong>\n<\/p>\n<p>O Minist\u00e9rio da Gest\u00e3o e Inova\u00e7\u00e3o em Servi\u00e7os P\u00fablicos disse que o Estado brasileiro passa por um \u201cprocesso de transforma\u00e7\u00e3o\u201d para torn\u00e1-lo mais \u201ceficiente, justo e sustent\u00e1vel\u201d.\n<\/p>\n<p>A nota disse que o governo adotou uma s\u00e9rie de medidas, como a reestrutura\u00e7\u00e3o de carreiras e a recomposi\u00e7\u00e3o de pessoal no setor p\u00fablico federal \u201ccom a realiza\u00e7\u00e3o de concursos, a exemplo do Concurso Nacional Unificado\u201d.\n<\/p>\n<p>O \u201cEnem dos concursos\u201d criar\u00e1 6.640 vagas imediatas no servi\u00e7o p\u00fablico em 2025. O MGI disse que o Poder Executivo perdeu mais de 240 mil funcion\u00e1rios p\u00fablicos de 2010 a 2023. Al\u00e9m disso, h\u00e1 180 mil trabalhadores que estar\u00e3o aptos a se aposentarem at\u00e9 2035.\n<\/p>\n<p>Segundo o \u00f3rg\u00e3o, a reestrutura\u00e7\u00e3o n\u00e3o ampliou significativamente a despesa em propor\u00e7\u00e3o do PIB (Produto Interno Bruto).\n<\/p>\n<p>\u201cMesmo com o pequeno aumento no total de servidores entre 2023 e 2024, os reajustes negociados em 2024 \u2013que somados aos acordos anteriores, garantem recomposi\u00e7\u00e3o salarial para 100% dos servidores ativos, aposentados e pensionistas da Uni\u00e3o \u2013, a despesa com pessoal seguir\u00e1 est\u00e1vel como propor\u00e7\u00e3o do PIB, refor\u00e7ando o compromisso com a responsabilidade fiscal e com os limites do arcabou\u00e7o fiscal e representando menos de 2,6% em 2026\u201d, disse.\n<\/p>\n<p>\u201cO objetivo final de qualquer reforma deve ser desenvolver a capacidade de o Estado entregar mais e melhores pol\u00edticas e servi\u00e7os p\u00fablicos para a popula\u00e7\u00e3o e o setor produtivo, e n\u00e3o necessariamente reduzi-lo. O que faz um Estado eficiente, entre outros aspectos, e ter servidores bem-preparados e comprometidos com as pol\u00edticas p\u00fablicas\u201d, disse o Minist\u00e9rio da Gest\u00e3o.\n<\/p>\n<p>Fonte: Poder360              <\/p>\n<\/div>\n<p><br \/>\n<br \/><a href=\"https:\/\/diariodobrasilnoticias.com.br\/noticia\/em-2024-o-governo-lula-teve-aumento-no-numero-de-funcionarios-publicos-no-executivo-comparado-a-2023-veja-os-numeros-67a75f2ee095e\">Source link <\/a><\/p>","protected":false},"excerpt":{"rendered":"<p>O governo do presidente Luiz In\u00e1cio Lula da Silva (PT) encerrou 2024 com 574.930 funcion\u00e1rios p\u00fablicos na ativa. O n\u00famero representa uma alta de 0,53% na compara\u00e7\u00e3o com o ano&hellip;<\/p>","protected":false},"author":1,"featured_media":100589,"comment_status":"closed","ping_status":"open","sticky":false,"template":"","format":"standard","meta":{"content-type":"","footnotes":""},"categories":[16],"tags":[123,2448,5313,1267],"class_list":["post-100588","post","type-post","status-publish","format-standard","has-post-thumbnail","hentry","category-noticias","tag-brasil","tag-diario","tag-noticia","tag-noticias"],"_links":{"self":[{"href":"https:\/\/tvbrazilusa.com\/pt\/wp-json\/wp\/v2\/posts\/100588","targetHints":{"allow":["GET"]}}],"collection":[{"href":"https:\/\/tvbrazilusa.com\/pt\/wp-json\/wp\/v2\/posts"}],"about":[{"href":"https:\/\/tvbrazilusa.com\/pt\/wp-json\/wp\/v2\/types\/post"}],"author":[{"embeddable":true,"href":"https:\/\/tvbrazilusa.com\/pt\/wp-json\/wp\/v2\/users\/1"}],"replies":[{"embeddable":true,"href":"https:\/\/tvbrazilusa.com\/pt\/wp-json\/wp\/v2\/comments?post=100588"}],"version-history":[{"count":1,"href":"https:\/\/tvbrazilusa.com\/pt\/wp-json\/wp\/v2\/posts\/100588\/revisions"}],"predecessor-version":[{"id":100590,"href":"https:\/\/tvbrazilusa.com\/pt\/wp-json\/wp\/v2\/posts\/100588\/revisions\/100590"}],"wp:featuredmedia":[{"embeddable":true,"href":"https:\/\/tvbrazilusa.com\/pt\/wp-json\/wp\/v2\/media\/100589"}],"wp:attachment":[{"href":"https:\/\/tvbrazilusa.com\/pt\/wp-json\/wp\/v2\/media?parent=100588"}],"wp:term":[{"taxonomy":"category","embeddable":true,"href":"https:\/\/tvbrazilusa.com\/pt\/wp-json\/wp\/v2\/categories?post=100588"},{"taxonomy":"post_tag","embeddable":true,"href":"https:\/\/tvbrazilusa.com\/pt\/wp-json\/wp\/v2\/tags?post=100588"}],"curies":[{"name":"wp","href":"https:\/\/api.w.org\/{rel}","templated":true}]}}