{"id":100594,"date":"2025-02-08T15:16:05","date_gmt":"2025-02-08T15:16:05","guid":{"rendered":"https:\/\/tvbrazilusa.com\/2025\/02\/08\/saiba-quais-foram-as-principais-causas-de-afastamento-do-trabalho-em-2024\/"},"modified":"2025-02-08T15:16:07","modified_gmt":"2025-02-08T15:16:07","slug":"saiba-quais-foram-as-principais-causas-de-afastamento-do-trabalho-em-2024","status":"publish","type":"post","link":"https:\/\/tvbrazilusa.com\/pt\/2025\/02\/08\/saiba-quais-foram-as-principais-causas-de-afastamento-do-trabalho-em-2024\/","title":{"rendered":"Saiba quais foram as principais causas de afastamento do trabalho em 2024"},"content":{"rendered":"<p> <script async src=\"https:\/\/pagead2.googlesyndication.com\/pagead\/js\/adsbygoogle.js?client=ca-pub-8864793242727901\"\r\n     crossorigin=\"anonymous\"><\/script><br \/>\n<\/p>\n<div id=\"taboola-read-more\" style=\"display:block; width:100%\">\n<p>Dores na coluna e h\u00e9rnia de disco foram as doen\u00e7as que mais geraram benef\u00edcios por incapacidade tempor\u00e1ria (antigo aux\u00edlio-doen\u00e7a) no Brasil em 2024, segundo o Minist\u00e9rio da Previd\u00eancia Social.\n<\/p>\n<p>Esse benef\u00edcio \u00e9 concedido pelo INSS quando o trabalhador precisa se afastar do servi\u00e7o por mais de 15 dias devido a uma doen\u00e7a, sendo necess\u00e1rio passar por uma per\u00edcia m\u00e9dica.\u00a0<\/p>\n<p>Em 2024, mais de 3,5 milh\u00f5es de trabalhadores receberam esse benef\u00edcio. Doen\u00e7as relacionadas a dores na coluna lideraram o ranking, como causa de afastamento de 205,1 mil benefici\u00e1rios.\n<\/p>\n<p>A h\u00e9rnia de disco ficou em segundo lugar, com 172,4 mil afastamentos, seguida por fraturas na perna, com 147,6 mil concess\u00f5es.\n<\/p>\n<p>Entre os aumentos ano a ano, destaque para os transtornos de ansiedade e epis\u00f3dios depressivos, que subiram 67% em compara\u00e7\u00e3o ao ano anterior.\n<\/p>\n<p><strong>Crescimento em 2024<\/strong>\n<\/p>\n<p>Em compara\u00e7\u00e3o com 2023, o n\u00famero de trabalhadores afastados aumentou 39%. Naquele ano, mais de 2,5 milh\u00f5es de empregados conseguiram o benef\u00edcio.\u00a0\n<\/p>\n<p>Mais de 472,3 mil pessoas se afastaram do trabalho em 2024 devido a transtornos mentais e comportamentais. No ano anterior, foram concedidos 283,3 mil benef\u00edcios pelo mesmo motivo, o que mostra um aumento de 67%.\n<\/p>\n<p>Somente no ano passado, cerca de 141,4 mil segurados do INSS se ausentaram do trabalho por transtornos de ansiedade, al\u00e9m de 113,6 mil pessoas com epis\u00f3dios depressivos.\n<\/p>\n<p><strong>Quando um trabalhador pode ser afastado do trabalho por doen\u00e7a?<\/strong>\n<\/p>\n<p>Para que um funcion\u00e1rio possa ser afastado do trabalho por doen\u00e7a, ele precisa receber um atestado m\u00e9dico com um pedido de afastamento.\n<\/p>\n<p>Segundo a advogada Carla Benedetti, mestre em direito previdenci\u00e1rio, o direito ao benef\u00edcio \u00e9 gerado pela incapacidade de exercer sua atividade profissional devido \u00e0 doen\u00e7a.\n<\/p>\n<p>Larissa Maschio Escuder, coordenadora da \u00e1rea trabalhista do Jorge Advogados, explica que &#8220;os primeiros 15 dias de afastamento ser\u00e3o custeados pela empresa e, ap\u00f3s isso, a responsabilidade \u00e9 transferida ao INSS&#8221;.\n<\/p>\n<p>Em seguida, o INSS submeter\u00e1 o empregado a uma per\u00edcia m\u00e9dica para avaliar o tempo necess\u00e1rio de afastamento e se ele tem direito ao aux\u00edlio-doen\u00e7a.\n<\/p>\n<p>No caso de doen\u00e7a relacionada ao trabalho, a empresa precisa emitir a Comunica\u00e7\u00e3o de Acidente de Trabalho (CAT) para que o empregado consiga o aux\u00edlio-acident\u00e1rio, modalidade que garante a estabilidade de 12 meses ap\u00f3s a alta.\n<\/p>\n<p><strong>Quem tem direito ao aux\u00edlio-doen\u00e7a do INSS?<\/strong>\n<\/p>\n<p>Qualquer pessoa segurada pelo INSS tem direito ao aux\u00edlio-doen\u00e7a, incluindo empregados CLT, aut\u00f4nomos, empreendedores, facultativos ou contribuintes individuais.\n<\/p>\n<p>Marcelo Martins, membro da Comiss\u00e3o da Advocacia Trabalhista da OAB-SP, explica que, &#8220;se a pessoa estiver desempregada, ela tem uma car\u00eancia de 12 meses, no caso de acidente de trabalho, para pleitear o benef\u00edcio ainda na qualidade de segurado&#8221;.\n<\/p>\n<p>&#8220;O aux\u00edlio-doen\u00e7a \u00e9 calculado de acordo com a m\u00e9dia simples dos maiores sal\u00e1rios de contribui\u00e7\u00e3o do empregado ao INSS&#8221;, esclarece Rodrigo Mattos S\u00e9rvulo de Faria, advogado trabalhista do escrit\u00f3rio Almeida Advogados.\n<\/p>\n<p>Fonte: g1              <\/p>\n<\/div>\n<p><br \/>\n<br \/><a href=\"https:\/\/diariodobrasilnoticias.com.br\/noticia\/saiba-quais-foram-as-principais-causas-de-afastamento-do-trabalho-em-2024-67a759b3b4a6f\">Source link <\/a><\/p>","protected":false},"excerpt":{"rendered":"<p>Dores na coluna e h\u00e9rnia de disco foram as doen\u00e7as que mais geraram benef\u00edcios por incapacidade tempor\u00e1ria (antigo aux\u00edlio-doen\u00e7a) no Brasil em 2024, segundo o Minist\u00e9rio da Previd\u00eancia Social. Esse&hellip;<\/p>","protected":false},"author":1,"featured_media":100595,"comment_status":"closed","ping_status":"open","sticky":false,"template":"","format":"standard","meta":{"content-type":"","footnotes":""},"categories":[16],"tags":[123,2448,5313,1267],"class_list":["post-100594","post","type-post","status-publish","format-standard","has-post-thumbnail","hentry","category-noticias","tag-brasil","tag-diario","tag-noticia","tag-noticias"],"_links":{"self":[{"href":"https:\/\/tvbrazilusa.com\/pt\/wp-json\/wp\/v2\/posts\/100594","targetHints":{"allow":["GET"]}}],"collection":[{"href":"https:\/\/tvbrazilusa.com\/pt\/wp-json\/wp\/v2\/posts"}],"about":[{"href":"https:\/\/tvbrazilusa.com\/pt\/wp-json\/wp\/v2\/types\/post"}],"author":[{"embeddable":true,"href":"https:\/\/tvbrazilusa.com\/pt\/wp-json\/wp\/v2\/users\/1"}],"replies":[{"embeddable":true,"href":"https:\/\/tvbrazilusa.com\/pt\/wp-json\/wp\/v2\/comments?post=100594"}],"version-history":[{"count":1,"href":"https:\/\/tvbrazilusa.com\/pt\/wp-json\/wp\/v2\/posts\/100594\/revisions"}],"predecessor-version":[{"id":100596,"href":"https:\/\/tvbrazilusa.com\/pt\/wp-json\/wp\/v2\/posts\/100594\/revisions\/100596"}],"wp:featuredmedia":[{"embeddable":true,"href":"https:\/\/tvbrazilusa.com\/pt\/wp-json\/wp\/v2\/media\/100595"}],"wp:attachment":[{"href":"https:\/\/tvbrazilusa.com\/pt\/wp-json\/wp\/v2\/media?parent=100594"}],"wp:term":[{"taxonomy":"category","embeddable":true,"href":"https:\/\/tvbrazilusa.com\/pt\/wp-json\/wp\/v2\/categories?post=100594"},{"taxonomy":"post_tag","embeddable":true,"href":"https:\/\/tvbrazilusa.com\/pt\/wp-json\/wp\/v2\/tags?post=100594"}],"curies":[{"name":"wp","href":"https:\/\/api.w.org\/{rel}","templated":true}]}}