{"id":100608,"date":"2025-02-08T15:53:02","date_gmt":"2025-02-08T15:53:02","guid":{"rendered":"https:\/\/tvbrazilusa.com\/2025\/02\/08\/comissao-da-oea-quer-ter-encontro-com-felipe-martins-ex-assessor-de-bolsonaro-preso-por-viagem-que-nao-fez\/"},"modified":"2025-02-08T15:53:04","modified_gmt":"2025-02-08T15:53:04","slug":"comissao-da-oea-quer-ter-encontro-com-felipe-martins-ex-assessor-de-bolsonaro-preso-por-viagem-que-nao-fez","status":"publish","type":"post","link":"https:\/\/tvbrazilusa.com\/pt\/2025\/02\/08\/comissao-da-oea-quer-ter-encontro-com-felipe-martins-ex-assessor-de-bolsonaro-preso-por-viagem-que-nao-fez\/","title":{"rendered":"Comiss\u00e3o da OEA quer ter encontro com Felipe Martins, ex-assessor de Bolsonaro, preso por viagem que n\u00e3o fez"},"content":{"rendered":"<p> <script async src=\"https:\/\/pagead2.googlesyndication.com\/pagead\/js\/adsbygoogle.js?client=ca-pub-8864793242727901\"\r\n     crossorigin=\"anonymous\"><\/script><br \/>\n<\/p>\n<div id=\"taboola-read-more\" style=\"display:block; width:100%\">\n<p>Uma delega\u00e7\u00e3o da Comiss\u00e3o Interamericana de Direitos Humanos que chega ao Brasil neste domingo (9) para investigar a situa\u00e7\u00e3o da liberdade de express\u00e3o no pa\u00eds agendou encontros com representantes de bolsonaristas alvos de inqu\u00e9ritos do STF (Supremo Tribunal Federal).\n<\/p>\n<p>Uma das conversas ser\u00e1 com os advogados de Filipe Martins, ex-assessor da Presid\u00eancia sob Jair Bolsonaro (PL). Ele est\u00e1 com as redes sociais bloqueadas e teve um pedido de entrevista da Folhacensurado pelo ministro Alexandre de Moraes.<\/p>\n<p>Martins \u00e9 um dos indiciados pela Pol\u00edcia Federal no inqu\u00e9rito da suposta trama golpista patrocinada por aliados de Bolsonaro e chegou a ficar seis meses preso no ano passado. O encontro com a defesa dele, formada pelos advogados Sebasti\u00e3o Coelho e Ricardo Scheiffer Fernandes, deve ocorrer em Bras\u00edlia.\n<\/p>\n<p>A delega\u00e7\u00e3o da Comiss\u00e3o, ligada \u00e0 Organiza\u00e7\u00e3o dos Estados Americanos, ser\u00e1 chefiada pelo advogado colombiano Pedro Vaca Villarreal, relator especial para liberdade de express\u00e3o do \u00f3rg\u00e3o. Tamb\u00e9m deve haver encontros com parlamentares ligados \u00e0 direita, que denunciam censura por parte do STF.\n<\/p>\n<p>Nos \u00faltimos dias, Moraes liberou as redes de alguns bolsonaristas e influenciadores de direita, o que foi visto como um aceno dele \u00e0 visita do relator.\n<\/p>\n<p>Fonte: Folha de S. Paulo              <\/p>\n<\/div>\n<p><br \/>\n<br \/><a href=\"https:\/\/diariodobrasilnoticias.com.br\/noticia\/comissao-da-oea-quer-ter-encontro-com-felipe-martins-ex-assessor-de-bolsonaro-preso-por-viagem-que-nao-fez-67a7662b22510\">Source link <\/a><\/p>","protected":false},"excerpt":{"rendered":"<p>Uma delega\u00e7\u00e3o da Comiss\u00e3o Interamericana de Direitos Humanos que chega ao Brasil neste domingo (9) para investigar a situa\u00e7\u00e3o da liberdade de express\u00e3o no pa\u00eds agendou encontros com representantes de&hellip;<\/p>","protected":false},"author":1,"featured_media":100609,"comment_status":"closed","ping_status":"open","sticky":false,"template":"","format":"standard","meta":{"content-type":"","footnotes":""},"categories":[16],"tags":[123,2448,5313,1267],"class_list":["post-100608","post","type-post","status-publish","format-standard","has-post-thumbnail","hentry","category-noticias","tag-brasil","tag-diario","tag-noticia","tag-noticias"],"_links":{"self":[{"href":"https:\/\/tvbrazilusa.com\/pt\/wp-json\/wp\/v2\/posts\/100608","targetHints":{"allow":["GET"]}}],"collection":[{"href":"https:\/\/tvbrazilusa.com\/pt\/wp-json\/wp\/v2\/posts"}],"about":[{"href":"https:\/\/tvbrazilusa.com\/pt\/wp-json\/wp\/v2\/types\/post"}],"author":[{"embeddable":true,"href":"https:\/\/tvbrazilusa.com\/pt\/wp-json\/wp\/v2\/users\/1"}],"replies":[{"embeddable":true,"href":"https:\/\/tvbrazilusa.com\/pt\/wp-json\/wp\/v2\/comments?post=100608"}],"version-history":[{"count":1,"href":"https:\/\/tvbrazilusa.com\/pt\/wp-json\/wp\/v2\/posts\/100608\/revisions"}],"predecessor-version":[{"id":100610,"href":"https:\/\/tvbrazilusa.com\/pt\/wp-json\/wp\/v2\/posts\/100608\/revisions\/100610"}],"wp:featuredmedia":[{"embeddable":true,"href":"https:\/\/tvbrazilusa.com\/pt\/wp-json\/wp\/v2\/media\/100609"}],"wp:attachment":[{"href":"https:\/\/tvbrazilusa.com\/pt\/wp-json\/wp\/v2\/media?parent=100608"}],"wp:term":[{"taxonomy":"category","embeddable":true,"href":"https:\/\/tvbrazilusa.com\/pt\/wp-json\/wp\/v2\/categories?post=100608"},{"taxonomy":"post_tag","embeddable":true,"href":"https:\/\/tvbrazilusa.com\/pt\/wp-json\/wp\/v2\/tags?post=100608"}],"curies":[{"name":"wp","href":"https:\/\/api.w.org\/{rel}","templated":true}]}}