{"id":100620,"date":"2025-02-08T16:36:16","date_gmt":"2025-02-08T16:36:16","guid":{"rendered":"https:\/\/tvbrazilusa.com\/2025\/02\/08\/saiba-como-hugo-motta-e-lideres-pretendem-resolver-impasse-das-emendas-parlamentares-bloqueadas-por-dino\/"},"modified":"2025-02-08T16:36:18","modified_gmt":"2025-02-08T16:36:18","slug":"saiba-como-hugo-motta-e-lideres-pretendem-resolver-impasse-das-emendas-parlamentares-bloqueadas-por-dino","status":"publish","type":"post","link":"https:\/\/tvbrazilusa.com\/pt\/2025\/02\/08\/saiba-como-hugo-motta-e-lideres-pretendem-resolver-impasse-das-emendas-parlamentares-bloqueadas-por-dino\/","title":{"rendered":"Saiba como Hugo Motta e l\u00edderes pretendem resolver impasse das emendas parlamentares bloqueadas por Dino"},"content":{"rendered":"<p> <script async src=\"https:\/\/pagead2.googlesyndication.com\/pagead\/js\/adsbygoogle.js?client=ca-pub-8864793242727901\"\r\n     crossorigin=\"anonymous\"><\/script><br \/>\n<\/p>\n<div id=\"taboola-read-more\" style=\"display:block; width:100%\">\n<p>O presidente da C\u00e2mara dos Deputados, deputado Hugo Motta (Republicanos-PB), analisar\u00e1 com l\u00edderes partid\u00e1rios propostas para tentar destravar as emendas parlamentares bloqueadas em 2024 e para resolver o impasse sobre os recursos.\n<\/p>\n<p>As possibilidades devem ser debatidas na pr\u00f3xima reuni\u00e3o de l\u00edderes.<\/p>\n<p>A inten\u00e7\u00e3o \u00e9 fechar um documento com os parlamentares e conversar com Senado e Executivo para encaminhar algo de consenso ao ministro do Supremo Tribunal Federal (STF) Fl\u00e1vio Dino, na reuni\u00e3o convocada dia 27 de fevereiro.\n<\/p>\n<p>Ao menos uma das propostas \u00e9 feita pelo deputado federal Danilo Fortes (Uni\u00e3o-CE). O parlamentar relatou a Lei de Diretrizes Or\u00e7ament\u00e1rias (LDO) para 2024.\n<\/p>\n<p>Fortes defende ao presidente da C\u00e2mara \u201cremodelar\u201d as emendas parlamentares. A inten\u00e7\u00e3o seria eliminar as chamadas \u201cemendas de comiss\u00e3o\u201d, conhecidas por RP8. No lugar, a proposta criaria mais dois tipos de repasses de recursos: de bancadas partid\u00e1rias e \u201cadministrativas\u201d.\n<\/p>\n<p>As emendas partid\u00e1rias seriam recursos repartidos proporcionalmente ao n\u00famero de deputados eleitos de cada sigla. Nesse modelo, os l\u00edderes partid\u00e1rios sairiam fortalecidos, j\u00e1 que fariam a distribui\u00e7\u00e3o dos recursos entre os deputados. Se adotada a proporcionalidade, o PL ficaria com o maior montante dispon\u00edvel, j\u00e1 que tem a maior bancada com 93 parlamentares. O PT seria o segundo, com 68.\n<\/p>\n<p>Outro fator \u00e9 que os partidos poderiam destinar os recursos para projetos das legendas. Ou seja, uma sigla mais ligada ao agroneg\u00f3cio, poderia concentrar recursos nesse setor.\n<\/p>\n<p>J\u00e1 o segundo modelo, de \u201cemenda administrativa\u201d, seriam valores destinados para conciliar com a gest\u00e3o da governan\u00e7a e aplica\u00e7\u00e3o direta em projetos de munic\u00edpios, estados e do governo federal. Esses recursos n\u00e3o seriam impositivos, assim como s\u00e3o as emendas de comiss\u00e3o atualmente.\n<\/p>\n<p><strong>Or\u00e7amento<\/strong>\n<\/p>\n<p>Os parlamentares consideram que sem um acordo com o STF sobre as emendas, haver\u00e1 dificuldade do governo de aprovar a Lei Or\u00e7ament\u00e1ria Anual (LOA) deste ano.\n<\/p>\n<p>Deputados e senadores acreditam que a an\u00e1lise do projeto s\u00f3 deve ficar para depois do carnaval, j\u00e1 que Dino marcou a reuni\u00e3o \u00e0s v\u00e9speras do recesso da folia.\n<\/p>\n<p>Os parlamentares terminaram o ano legislativo de 2024 sem aprovar a LOA. O governo avaliou, em dezembro, que a decis\u00e3o do ministro Fl\u00e1vio Dino, tumultuou a articula\u00e7\u00e3o da proposta.\n<\/p>\n<p>Sem or\u00e7amento, o governo paga normalmente as despesas obrigat\u00f3rias com sal\u00e1rios e servi\u00e7os essenciais, mas tem limite de gasto de 1\/12 do valor previsto por m\u00eas em execu\u00e7\u00f5es que n\u00e3o s\u00e3o obrigat\u00f3rias.\n<\/p>\n<p>Fonte: CNN              <\/p>\n<\/div>\n<p><br \/>\n<br \/><a href=\"https:\/\/diariodobrasilnoticias.com.br\/noticia\/saiba-como-hugo-motta-e-lideres-pretendem-resolver-impasse-das-emendas-parlamentares-bloqueadas-por-dino-67a76cc73874f\">Source link <\/a><\/p>","protected":false},"excerpt":{"rendered":"<p>O presidente da C\u00e2mara dos Deputados, deputado Hugo Motta (Republicanos-PB), analisar\u00e1 com l\u00edderes partid\u00e1rios propostas para tentar destravar as emendas parlamentares bloqueadas em 2024 e para resolver o impasse sobre&hellip;<\/p>","protected":false},"author":1,"featured_media":100621,"comment_status":"closed","ping_status":"open","sticky":false,"template":"","format":"standard","meta":{"content-type":"","footnotes":""},"categories":[16],"tags":[123,2448,5313,1267],"class_list":["post-100620","post","type-post","status-publish","format-standard","has-post-thumbnail","hentry","category-noticias","tag-brasil","tag-diario","tag-noticia","tag-noticias"],"_links":{"self":[{"href":"https:\/\/tvbrazilusa.com\/pt\/wp-json\/wp\/v2\/posts\/100620","targetHints":{"allow":["GET"]}}],"collection":[{"href":"https:\/\/tvbrazilusa.com\/pt\/wp-json\/wp\/v2\/posts"}],"about":[{"href":"https:\/\/tvbrazilusa.com\/pt\/wp-json\/wp\/v2\/types\/post"}],"author":[{"embeddable":true,"href":"https:\/\/tvbrazilusa.com\/pt\/wp-json\/wp\/v2\/users\/1"}],"replies":[{"embeddable":true,"href":"https:\/\/tvbrazilusa.com\/pt\/wp-json\/wp\/v2\/comments?post=100620"}],"version-history":[{"count":1,"href":"https:\/\/tvbrazilusa.com\/pt\/wp-json\/wp\/v2\/posts\/100620\/revisions"}],"predecessor-version":[{"id":100622,"href":"https:\/\/tvbrazilusa.com\/pt\/wp-json\/wp\/v2\/posts\/100620\/revisions\/100622"}],"wp:featuredmedia":[{"embeddable":true,"href":"https:\/\/tvbrazilusa.com\/pt\/wp-json\/wp\/v2\/media\/100621"}],"wp:attachment":[{"href":"https:\/\/tvbrazilusa.com\/pt\/wp-json\/wp\/v2\/media?parent=100620"}],"wp:term":[{"taxonomy":"category","embeddable":true,"href":"https:\/\/tvbrazilusa.com\/pt\/wp-json\/wp\/v2\/categories?post=100620"},{"taxonomy":"post_tag","embeddable":true,"href":"https:\/\/tvbrazilusa.com\/pt\/wp-json\/wp\/v2\/tags?post=100620"}],"curies":[{"name":"wp","href":"https:\/\/api.w.org\/{rel}","templated":true}]}}