{"id":100623,"date":"2025-02-08T16:50:19","date_gmt":"2025-02-08T16:50:19","guid":{"rendered":"https:\/\/tvbrazilusa.com\/2025\/02\/08\/israel-volta-a-realizar-acoes-no-territorio-sirio-saiba-mais-detalhes\/"},"modified":"2025-02-08T16:50:20","modified_gmt":"2025-02-08T16:50:20","slug":"israel-volta-a-realizar-acoes-no-territorio-sirio-saiba-mais-detalhes","status":"publish","type":"post","link":"https:\/\/tvbrazilusa.com\/pt\/2025\/02\/08\/israel-volta-a-realizar-acoes-no-territorio-sirio-saiba-mais-detalhes\/","title":{"rendered":"Israel volta a realizar a\u00e7\u00f5es no territ\u00f3rio s\u00edrio; saiba mais detalhes"},"content":{"rendered":"<p> <script async src=\"https:\/\/pagead2.googlesyndication.com\/pagead\/js\/adsbygoogle.js?client=ca-pub-8864793242727901\"\r\n     crossorigin=\"anonymous\"><\/script><br \/>\n<\/p>\n<div id=\"taboola-read-more\" style=\"display:block; width:100%\">\n<p>Enquanto uma nova rodada de troca de ref\u00e9ns por prisioneiros acontecia na Faixa de Gaza, como parte do acordo de cessar-fogo, Israel voltou a bombardear a S\u00edria. Em um comunicado divulgado neste s\u00e1bado (8\/2), o ex\u00e9rcito do pa\u00eds liderado por Benjamin Netanyahu afirmou que o alvo do ataque foi um deposito de armas do Hamas.\n<\/p>\n<p><strong>Ataques israelenses na S\u00edria<\/strong><\/p>\n<p>Ap\u00f3s o colapso do regime de Bashar al-Assad, em dezembro de 2024, Israel iniciou ataques contra o territ\u00f3rio da S\u00edria.\n<\/p>\n<p>Antes da ascens\u00e3o dos jihadistas ao poder, a S\u00edria era apontada como um dos membros do chamado \u201ceixo da resist\u00eancia\u201d. O bloco \u00e9 formado por alguns pa\u00edses e grupos extremistas do Oriente M\u00e9dio.\n<\/p>\n<p>Em um dos ataques, as For\u00e7as de Defesa de Israel (FDI) alegaram ter destru\u00eddo boa parte da capacidade militar ainda restante na S\u00edria.\n<\/p>\n<p>De acordo com as For\u00e7as de Defesa de Israel (FDI), o local supostamente utilizado pelo grupo palestino como abrigo de armas estava localizado na cidade de Deir Ali, no sul do pa\u00eds agora comandado por Ahmed al-Shara.\n<\/p>\n<p>\u201cH\u00e1 pouco tempo, ca\u00e7as das FDI conduziram um ataque baseado em intelig\u00eancia em uma instala\u00e7\u00e3o de armazenamento de armas pertencente \u00e0 organiza\u00e7\u00e3o terrorista hamas na \u00e1rea de Deir Ali, no sul da S\u00edria. As armas armazenadas dentro da instala\u00e7\u00e3o tinham a inten\u00e7\u00e3o de serem usadas em ataques contra tropas das FDI\u201d, disse o ex\u00e9rcito israelense em um comunicado.\n<\/p>\n<p>O ataque israelense na S\u00edria acontece no momento em que Israel e Hamas vivem um cessar-fogo na guerra em Gaza. Neste fim de semana, mais tr\u00eas ref\u00e9ns israelenses foram libertados do enclave na Palestina, em troca de 183 presos palestinos.\n<\/p>\n<p>Apesar da relativa calma na Faixa de Gaza, as FDI afirmaram que v\u00e3o continuar atuando contra o Hamas \u201cem todas as suas frentes\u201d.\n<\/p>\n<p>\u201cAS FDI continuar\u00e3o a desmantelar as capacidades do Hamas em todas as suas frentes e operar\u00e3o contra todas as tentativas de organiza\u00e7\u00f5es terroristas de se entrincheirarem e aumentarem suas for\u00e7as para proteger o Estado de Israel\u201d, prometeu o ex\u00e9rcito israelense.\n<\/p>\n<p>Fonte: Metr\u00f3poles              <\/p>\n<\/div>\n<p><br \/>\n<br \/><a href=\"https:\/\/diariodobrasilnoticias.com.br\/noticia\/israel-volta-a-realizar-acoes-no-territorio-sirio-saiba-mais-detalhes-67a77398a0a33\">Source link <\/a><\/p>","protected":false},"excerpt":{"rendered":"<p>Enquanto uma nova rodada de troca de ref\u00e9ns por prisioneiros acontecia na Faixa de Gaza, como parte do acordo de cessar-fogo, Israel voltou a bombardear a S\u00edria. Em um comunicado&hellip;<\/p>","protected":false},"author":1,"featured_media":100624,"comment_status":"closed","ping_status":"open","sticky":false,"template":"","format":"standard","meta":{"content-type":"","footnotes":""},"categories":[16],"tags":[123,2448,5313,1267],"class_list":["post-100623","post","type-post","status-publish","format-standard","has-post-thumbnail","hentry","category-noticias","tag-brasil","tag-diario","tag-noticia","tag-noticias"],"_links":{"self":[{"href":"https:\/\/tvbrazilusa.com\/pt\/wp-json\/wp\/v2\/posts\/100623","targetHints":{"allow":["GET"]}}],"collection":[{"href":"https:\/\/tvbrazilusa.com\/pt\/wp-json\/wp\/v2\/posts"}],"about":[{"href":"https:\/\/tvbrazilusa.com\/pt\/wp-json\/wp\/v2\/types\/post"}],"author":[{"embeddable":true,"href":"https:\/\/tvbrazilusa.com\/pt\/wp-json\/wp\/v2\/users\/1"}],"replies":[{"embeddable":true,"href":"https:\/\/tvbrazilusa.com\/pt\/wp-json\/wp\/v2\/comments?post=100623"}],"version-history":[{"count":1,"href":"https:\/\/tvbrazilusa.com\/pt\/wp-json\/wp\/v2\/posts\/100623\/revisions"}],"predecessor-version":[{"id":100625,"href":"https:\/\/tvbrazilusa.com\/pt\/wp-json\/wp\/v2\/posts\/100623\/revisions\/100625"}],"wp:featuredmedia":[{"embeddable":true,"href":"https:\/\/tvbrazilusa.com\/pt\/wp-json\/wp\/v2\/media\/100624"}],"wp:attachment":[{"href":"https:\/\/tvbrazilusa.com\/pt\/wp-json\/wp\/v2\/media?parent=100623"}],"wp:term":[{"taxonomy":"category","embeddable":true,"href":"https:\/\/tvbrazilusa.com\/pt\/wp-json\/wp\/v2\/categories?post=100623"},{"taxonomy":"post_tag","embeddable":true,"href":"https:\/\/tvbrazilusa.com\/pt\/wp-json\/wp\/v2\/tags?post=100623"}],"curies":[{"name":"wp","href":"https:\/\/api.w.org\/{rel}","templated":true}]}}