{"id":10064,"date":"2024-07-27T17:00:00","date_gmt":"2024-07-27T17:00:00","guid":{"rendered":"https:\/\/tvbrazilusa.com\/2024\/07\/27\/byd-song-pro-revoluciona-mercado-automotivo-com-a-maior-potencia-da-categoria\/"},"modified":"2024-07-27T17:01:45","modified_gmt":"2024-07-27T17:01:45","slug":"byd-song-pro-revoluciona-mercado-automotivo-com-a-maior-potencia-da-categoria","status":"publish","type":"post","link":"https:\/\/tvbrazilusa.com\/pt\/2024\/07\/27\/byd-song-pro-revoluciona-mercado-automotivo-com-a-maior-potencia-da-categoria\/","title":{"rendered":"BYD Song Pro\u00a0revoluciona mercado automotivo com a maior pot\u00eancia da categoria"},"content":{"rendered":"<p> <script async src=\"https:\/\/pagead2.googlesyndication.com\/pagead\/js\/adsbygoogle.js?client=ca-pub-8864793242727901\"\r\n     crossorigin=\"anonymous\"><\/script><br \/>\n<\/p>\n<div>\n<p>A ind\u00fastria automotiva global est\u00e1 passando por uma transforma\u00e7\u00e3o significativa com o aumento do interesse por ve\u00edculos mais sustent\u00e1veis. No Brasil, essa tend\u00eancia tamb\u00e9m ganha for\u00e7a, destacando-se o protagonismo da BYD no segmento de ve\u00edculos el\u00e9tricos. Recentemente, a empresa anunciou o lan\u00e7amento do BYD Song Pro, um SUV que promete revolucionar o mercado com a sua alta performance e autonomia estendida.<\/p>\n<p>Primeiramente, o BYD Song Pro foi projetado para atender \u00e0s crescentes demandas por efici\u00eancia energ\u00e9tica e menor impacto ambiental, sem comprometer o luxo e o conforto. Com o lan\u00e7amento programado para julho de 2024, este modelo \u00e9 esperado com grandes expectativas e poder\u00e1 estabelecer novos padr\u00f5es no setor automotivo.<\/p>\n<h2>O que diferencia o BYD Song Pro de outros ve\u00edculos da BYD?<\/h2>\n<p>Assim, o BYD Song Pro distingue-se dentro da linha de ve\u00edculos el\u00e9tricos da BYD por sua combina\u00e7\u00e3o \u00fanica de tamanho, pot\u00eancia e efici\u00eancia. Com 4,74 metros de comprimento, ele oferece mais espa\u00e7o e conforto. O modelo vem equipado com um motor a gasolina de 110 cv e um motor el\u00e9trico de 194 cv, proporcionando uma pot\u00eancia combinada de 235 cv, o que o torna uma das op\u00e7\u00f5es mais potentes da categoria.<\/p>\n<h2>Impacto do BYD Song Pro no mercado brasileiro<\/h2>\n<p>A chegada do BYD Song Pro ao Brasil \u00e9 vista como um marco importante na amplia\u00e7\u00e3o da ado\u00e7\u00e3o de ve\u00edculos el\u00e9tricos no pa\u00eds. Com seu desempenho superior, efici\u00eancia energ\u00e9tica e pre\u00e7o competitivo, este SUV \u00e9 ideal para aqueles que desejam reduzir os impactos ambientais mas n\u00e3o querem abrir m\u00e3o da qualidade e da pot\u00eancia. Prev\u00ea-se que o modelo contribuir\u00e1 significativamente para a redu\u00e7\u00e3o das emiss\u00f5es de carbono nas grandes metr\u00f3poles brasileiras.<\/p>\n<h2>Quais s\u00e3o as expectativas para futuras inova\u00e7\u00f5es?<\/h2>\n<p>A BYD n\u00e3o se destaca somente como uma montadora de autom\u00f3veis, mas tamb\u00e9m como uma inovadora em solu\u00e7\u00f5es sustent\u00e1veis no transporte. O lan\u00e7amento do BYD Song Pro \u00e9 uma prova do compromisso cont\u00ednuo da empresa com a evolu\u00e7\u00e3o tecnol\u00f3gica e a satisfa\u00e7\u00e3o das necessidades de um p\u00fablico cada vez mais consciente sobre quest\u00f5es ambientais.<\/p>\n<p>Em suma, se as impress\u00f5es deixadas pelo Song Pro s\u00e3o indicativas do futuro, o mercado pode esperar por um fluxo constante de inova\u00e7\u00f5es que definir\u00e3o novos paradigmas em tecnologia el\u00e9trica e pr\u00e1ticas sustent\u00e1veis.<\/p>\n<h3>Principais caracter\u00edsticas do BYD Song Pro<\/h3>\n<ul>\n<li><strong>Comprimento:<\/strong> 4,74 metros<\/li>\n<li><strong>Motor a gasolina:<\/strong> 110 cv<\/li>\n<li><strong>Motor el\u00e9trico:<\/strong> 194 cv<\/li>\n<li><strong>Pot\u00eancia combinada:<\/strong> 235 cv<\/li>\n<li><strong>Autonomia estendida<\/strong><\/li>\n<\/ul><\/div>\n<p><br \/>\n<br \/><a href=\"https:\/\/terrabrasilnoticias.com\/2024\/07\/byd-song-pro-revoluciona-mercado-automotivo-com-a-maior-potencia-da-categoria\/\">Source link <\/a><\/p>","protected":false},"excerpt":{"rendered":"<p>A ind\u00fastria automotiva global est\u00e1 passando por uma transforma\u00e7\u00e3o significativa com o aumento do interesse por ve\u00edculos mais sustent\u00e1veis. No Brasil, essa tend\u00eancia tamb\u00e9m ganha for\u00e7a, destacando-se o protagonismo da&hellip;<\/p>","protected":false},"author":1,"featured_media":10065,"comment_status":"closed","ping_status":"open","sticky":false,"template":"","format":"standard","meta":{"content-type":"","footnotes":""},"categories":[16],"tags":[],"class_list":["post-10064","post","type-post","status-publish","format-standard","has-post-thumbnail","hentry","category-noticias"],"_links":{"self":[{"href":"https:\/\/tvbrazilusa.com\/pt\/wp-json\/wp\/v2\/posts\/10064","targetHints":{"allow":["GET"]}}],"collection":[{"href":"https:\/\/tvbrazilusa.com\/pt\/wp-json\/wp\/v2\/posts"}],"about":[{"href":"https:\/\/tvbrazilusa.com\/pt\/wp-json\/wp\/v2\/types\/post"}],"author":[{"embeddable":true,"href":"https:\/\/tvbrazilusa.com\/pt\/wp-json\/wp\/v2\/users\/1"}],"replies":[{"embeddable":true,"href":"https:\/\/tvbrazilusa.com\/pt\/wp-json\/wp\/v2\/comments?post=10064"}],"version-history":[{"count":1,"href":"https:\/\/tvbrazilusa.com\/pt\/wp-json\/wp\/v2\/posts\/10064\/revisions"}],"predecessor-version":[{"id":10066,"href":"https:\/\/tvbrazilusa.com\/pt\/wp-json\/wp\/v2\/posts\/10064\/revisions\/10066"}],"wp:featuredmedia":[{"embeddable":true,"href":"https:\/\/tvbrazilusa.com\/pt\/wp-json\/wp\/v2\/media\/10065"}],"wp:attachment":[{"href":"https:\/\/tvbrazilusa.com\/pt\/wp-json\/wp\/v2\/media?parent=10064"}],"wp:term":[{"taxonomy":"category","embeddable":true,"href":"https:\/\/tvbrazilusa.com\/pt\/wp-json\/wp\/v2\/categories?post=10064"},{"taxonomy":"post_tag","embeddable":true,"href":"https:\/\/tvbrazilusa.com\/pt\/wp-json\/wp\/v2\/tags?post=10064"}],"curies":[{"name":"wp","href":"https:\/\/api.w.org\/{rel}","templated":true}]}}