{"id":100682,"date":"2025-02-08T19:59:40","date_gmt":"2025-02-08T19:59:40","guid":{"rendered":"https:\/\/tvbrazilusa.com\/2025\/02\/08\/com-cancer-raro-jornalista-rodrigo-constantino-diz-estar-sendo-perseguido-por-alexandre-de-moraes-e-pede-ajuda-internacional\/"},"modified":"2025-02-08T19:59:41","modified_gmt":"2025-02-08T19:59:41","slug":"com-cancer-raro-jornalista-rodrigo-constantino-diz-estar-sendo-perseguido-por-alexandre-de-moraes-e-pede-ajuda-internacional","status":"publish","type":"post","link":"https:\/\/tvbrazilusa.com\/pt\/2025\/02\/08\/com-cancer-raro-jornalista-rodrigo-constantino-diz-estar-sendo-perseguido-por-alexandre-de-moraes-e-pede-ajuda-internacional\/","title":{"rendered":"Com c\u00e2ncer raro , jornalista Rodrigo constantino diz estar sendo perseguido por Alexandre de Moraes e pede ajuda internacional"},"content":{"rendered":"<p> <script async src=\"https:\/\/pagead2.googlesyndication.com\/pagead\/js\/adsbygoogle.js?client=ca-pub-8864793242727901\"\r\n     crossorigin=\"anonymous\"><\/script><br \/>\n<\/p>\n<div id=\"taboola-read-more\" style=\"display:block; width:100%\">\n<p>O jornalista Rodrigo Constantino afirmou estar sendo alvo de censura e persegui\u00e7\u00e3o pol\u00edtica pelo ministro do Supremo Tribunal Federal (STF) Alexandre de Moraes nos \u00faltimos dois anos. Natural do Brasil e atualmente cidad\u00e3o americano, Constantino declarou nesta sexta-feira (7) que teve seu passaporte brasileiro revogado e todas as suas contas banc\u00e1rias congeladas por ordem do magistrado.<\/p>\n<p>Al\u00e9m das restri\u00e7\u00f5es impostas, ele externou que enfrenta uma batalha contra uma forma rara e agressiva de c\u00e2ncer nos Estados Unidos, o que tem gerado despesas m\u00e9dicas elevadas. Segundo o jornalista, sua situa\u00e7\u00e3o \u00e9 um dos exemplos de persegui\u00e7\u00e3o praticadas pelo magistrado contra grupos conservadores e serve como alerta para outros que passam por circunst\u00e2ncias semelhantes.<\/p>\n<p>\u201cQuero aproveitar a oportunidade para expor essas injusti\u00e7as, esperando que meu caso possa lan\u00e7ar luz sobre outros que enfrentam persegui\u00e7\u00e3o semelhante\u201d, escreveu Constantino em nota direcionada \u00e0 comunidade internacional.<\/p>\n<p>O jornalista tamb\u00e9m avalia que o cen\u00e1rio pol\u00edtico atual, agora com Donald Trump sob o comando da Casa Branca, pode favorecer uma mudan\u00e7a de rumo. Segundo ele, Moraes estaria em uma posi\u00e7\u00e3o vulner\u00e1vel e, sob press\u00e3o, pode ser for\u00e7ado a recuar em suas decis\u00f5es. Constantino faz um apelo por apoio na luta pela liberdade de outros brasileiros que, segundo ele, estariam enfrentando repres\u00e1lias semelhantes.<\/p>\n<p>O ministro Alexandre de Moraes tem sido alvo de den\u00fancias no Brasil e redor do mundo, como em Portugal, devido a decis\u00f5es no \u00e2mbito do inqu\u00e9rito das fake news e de atos antidemocr\u00e1ticos. At\u00e9 o momento, ele n\u00e3o se manifestou sobre as declara\u00e7\u00f5es de Rodrigo Constantino.\n<\/p>\n<p>Com inorma\u00e7\u00f5es conex\u00e3o pol\u00edtica\u00a0<\/p>\n<\/p><\/div>\n<p><br \/>\n<br \/><a href=\"https:\/\/diariodobrasilnoticias.com.br\/noticia\/com-cancer-raro-jornalista-rodrigo-constantino-diz-estar-sendo-perseguido-por-alexandre-de-moraes-e-pede-ajuda-internacional-67a788927f5d2\">Source link <\/a><\/p>","protected":false},"excerpt":{"rendered":"<p>O jornalista Rodrigo Constantino afirmou estar sendo alvo de censura e persegui\u00e7\u00e3o pol\u00edtica pelo ministro do Supremo Tribunal Federal (STF) Alexandre de Moraes nos \u00faltimos dois anos. Natural do Brasil&hellip;<\/p>","protected":false},"author":1,"featured_media":100683,"comment_status":"closed","ping_status":"open","sticky":false,"template":"","format":"standard","meta":{"content-type":"","footnotes":""},"categories":[16],"tags":[123,2448,5313,1267],"class_list":["post-100682","post","type-post","status-publish","format-standard","has-post-thumbnail","hentry","category-noticias","tag-brasil","tag-diario","tag-noticia","tag-noticias"],"_links":{"self":[{"href":"https:\/\/tvbrazilusa.com\/pt\/wp-json\/wp\/v2\/posts\/100682","targetHints":{"allow":["GET"]}}],"collection":[{"href":"https:\/\/tvbrazilusa.com\/pt\/wp-json\/wp\/v2\/posts"}],"about":[{"href":"https:\/\/tvbrazilusa.com\/pt\/wp-json\/wp\/v2\/types\/post"}],"author":[{"embeddable":true,"href":"https:\/\/tvbrazilusa.com\/pt\/wp-json\/wp\/v2\/users\/1"}],"replies":[{"embeddable":true,"href":"https:\/\/tvbrazilusa.com\/pt\/wp-json\/wp\/v2\/comments?post=100682"}],"version-history":[{"count":1,"href":"https:\/\/tvbrazilusa.com\/pt\/wp-json\/wp\/v2\/posts\/100682\/revisions"}],"predecessor-version":[{"id":100684,"href":"https:\/\/tvbrazilusa.com\/pt\/wp-json\/wp\/v2\/posts\/100682\/revisions\/100684"}],"wp:featuredmedia":[{"embeddable":true,"href":"https:\/\/tvbrazilusa.com\/pt\/wp-json\/wp\/v2\/media\/100683"}],"wp:attachment":[{"href":"https:\/\/tvbrazilusa.com\/pt\/wp-json\/wp\/v2\/media?parent=100682"}],"wp:term":[{"taxonomy":"category","embeddable":true,"href":"https:\/\/tvbrazilusa.com\/pt\/wp-json\/wp\/v2\/categories?post=100682"},{"taxonomy":"post_tag","embeddable":true,"href":"https:\/\/tvbrazilusa.com\/pt\/wp-json\/wp\/v2\/tags?post=100682"}],"curies":[{"name":"wp","href":"https:\/\/api.w.org\/{rel}","templated":true}]}}