{"id":100685,"date":"2025-02-08T20:11:24","date_gmt":"2025-02-08T20:11:24","guid":{"rendered":"https:\/\/tvbrazilusa.com\/2025\/02\/08\/flexibilizacao-do-uso-do-celular-no-recreio-sera-proposta-pelo-presidente-da-bancada-da-educacao-no-congresso-veja-entrevista\/"},"modified":"2025-02-08T20:11:25","modified_gmt":"2025-02-08T20:11:25","slug":"flexibilizacao-do-uso-do-celular-no-recreio-sera-proposta-pelo-presidente-da-bancada-da-educacao-no-congresso-veja-entrevista","status":"publish","type":"post","link":"https:\/\/tvbrazilusa.com\/pt\/2025\/02\/08\/flexibilizacao-do-uso-do-celular-no-recreio-sera-proposta-pelo-presidente-da-bancada-da-educacao-no-congresso-veja-entrevista\/","title":{"rendered":"Flexibiliza\u00e7\u00e3o do uso do celular no recreio ser\u00e1 proposta pelo presidente da bancada da educa\u00e7\u00e3o no Congresso; VEJA ENTREVISTA"},"content":{"rendered":"<p> <script async src=\"https:\/\/pagead2.googlesyndication.com\/pagead\/js\/adsbygoogle.js?client=ca-pub-8864793242727901\"\r\n     crossorigin=\"anonymous\"><\/script><br \/>\n<\/p>\n<div id=\"taboola-read-more\" style=\"display:block; width:100%\">\n<p>O deputado federal e presidente da bancada da Educa\u00e7\u00e3o no Congresso Nacional, Rafael Brito (MDB-AL), disse em entrevista ao Poder360 que planeja apresentar um projeto de lei para permitir o uso de celular durante o recreio. Afirmou que a proibi\u00e7\u00e3o em sala de aula \u00e9 ben\u00e9fica, mas no intervalo \u00e9 \u201cmuito pesada\u201d.\n<\/p>\n<p>\u201cA gente n\u00e3o pode achar que o celular durante o recreio n\u00e3o \u00e9 um mecanismo de socializa\u00e7\u00e3o para essa gera\u00e7\u00e3o. Os meninos gravam v\u00eddeo de TikTok o tempo todo, pesquisam a rede social de algu\u00e9m. Eu acho que a lei nessa parte foi muito pesada\u201d, declarou Rafael Brito.<\/p>\n<p><strong>P\u00e9-de-Meia<\/strong>\n<\/p>\n<p>Sobre a decis\u00e3o de janeiro do TCU (Tribunal de Contas da Uni\u00e3o) de suspender R$ 6 bilh\u00f5es do programa P\u00e9-de-Meia estudantil, Rafael Brito disse que \u00e9 uma quest\u00e3o \u201cmeramente burocr\u00e1tica\u201d. Declarou n\u00e3o haver irregularidades nem desvio de recursos ou pagamento indevido.\n<\/p>\n<p>Rafael Brito pretende se reunir na semana que vem com ministros da Corte de Contas para tratar do assunto.\n<\/p>\n<p>\u201cSe o TCU acha que a lei aprovada na C\u00e2mara dos Deputados e no Senado Federal n\u00e3o \u00e9 suficiente para que esse fundo possa financiar o P\u00e9-de-Meia, n\u00e3o tem problema. O TCU aponta o caminho. A bancada da Educa\u00e7\u00e3o est\u00e1 pronta para dar qualquer rem\u00e9dio jur\u00eddico poss\u00edvel para que a gente possa financiar o P\u00e9-de-Meia\u201d, declarou.\n<\/p>\n<p>Segundo ele, se o governo federal n\u00e3o puder usar o recurso do fundo, poderia usar o seu recurso ordin\u00e1rio.\n<\/p>\n<p><strong>Novo Ensino M\u00e9dio<\/strong>\n<\/p>\n<p>O deputado afirmou que a maior conquista da bancada da Educa\u00e7\u00e3o em 2024 foi o Novo Ensino M\u00e9dio, sancionado no ano passado pelo presidente Luiz In\u00e1cio Lula da Silva (PT).\n<\/p>\n<p>\u201cO Novo Ensino M\u00e9dio havia sido votado e aprovado e quando foi para implementa\u00e7\u00e3o, deu errado no Brasil todo. A gente refez toda a lei do Ensino M\u00e9dio. Trouxe de volta as horas de l\u00edngua portuguesa, de matem\u00e1tica, de geografia, de hist\u00f3ria, trouxe de volta as horas das mat\u00e9rias tradicionais\u201d, disse Rafael Brito.\n<\/p>\n<p><strong>Alimenta\u00e7\u00e3o escolar<\/strong>\n<\/p>\n<p>O deputado afirmou que o custo anual de R$ 5,5 bilh\u00f5es do Pnae (Programa Nacional da Alimenta\u00e7\u00e3o Escolar) deveria, no m\u00ednimo, dobrar. \u201cComo que a gente pode cobrar de um aluno que aprenda uma aula de matem\u00e1tica, por exemplo, se a barriga dele est\u00e1 roncando?\u201d, questionou.\n<\/p>\n<p><strong>Reelei\u00e7\u00e3o para vaga na C\u00e2mara<\/strong>\n<\/p>\n<p>Rafael Brito foi candidato \u00e0 Prefeitura de Macei\u00f3 em 2024, mas disse que n\u00e3o vai se candidatar novamente a este cargo na pr\u00f3xima elei\u00e7\u00e3o. Declarou que tentar\u00e1 ser reeleito deputado federal. Seu partido, o MDB, quer montar uma chapa para tentar ganhar 3 das 9 vagas de Alagoas na C\u00e2mara dos Deputados. Atualmente, a legenda tem duas das 9 vagas do Estado na Casa.\n<\/p>\n<p>Veja entrevista:\n<\/p>\n<p><iframe title=\"Presidente da bancada da Educa\u00e7\u00e3o no Congresso quer flexibilizar celular no recreio\" width=\"1170\" height=\"658\" src=\"https:\/\/www.youtube.com\/embed\/54OCEH5Sldw?feature=oembed\" frameborder=\"0\" allow=\"accelerometer; autoplay; clipboard-write; encrypted-media; gyroscope; picture-in-picture; web-share\" referrerpolicy=\"strict-origin-when-cross-origin\" allowfullscreen><\/iframe>\n<\/p>\n<p>Fonte: Poder360              <\/p>\n<\/div>\n<p><br \/>\n<br \/><a href=\"https:\/\/diariodobrasilnoticias.com.br\/noticia\/flexibilizacao-do-uso-do-celular-no-recreio-sera-proposta-pelo-presidente-da-bancada-da-educacao-no-congresso-veja-entrevista-67a786bf2e57d\">Source link <\/a><\/p>","protected":false},"excerpt":{"rendered":"<p>O deputado federal e presidente da bancada da Educa\u00e7\u00e3o no Congresso Nacional, Rafael Brito (MDB-AL), disse em entrevista ao Poder360 que planeja apresentar um projeto de lei para permitir o&hellip;<\/p>","protected":false},"author":1,"featured_media":100686,"comment_status":"closed","ping_status":"open","sticky":false,"template":"","format":"standard","meta":{"content-type":"","footnotes":""},"categories":[16],"tags":[123,2448,5313,1267],"class_list":["post-100685","post","type-post","status-publish","format-standard","has-post-thumbnail","hentry","category-noticias","tag-brasil","tag-diario","tag-noticia","tag-noticias"],"_links":{"self":[{"href":"https:\/\/tvbrazilusa.com\/pt\/wp-json\/wp\/v2\/posts\/100685","targetHints":{"allow":["GET"]}}],"collection":[{"href":"https:\/\/tvbrazilusa.com\/pt\/wp-json\/wp\/v2\/posts"}],"about":[{"href":"https:\/\/tvbrazilusa.com\/pt\/wp-json\/wp\/v2\/types\/post"}],"author":[{"embeddable":true,"href":"https:\/\/tvbrazilusa.com\/pt\/wp-json\/wp\/v2\/users\/1"}],"replies":[{"embeddable":true,"href":"https:\/\/tvbrazilusa.com\/pt\/wp-json\/wp\/v2\/comments?post=100685"}],"version-history":[{"count":1,"href":"https:\/\/tvbrazilusa.com\/pt\/wp-json\/wp\/v2\/posts\/100685\/revisions"}],"predecessor-version":[{"id":100687,"href":"https:\/\/tvbrazilusa.com\/pt\/wp-json\/wp\/v2\/posts\/100685\/revisions\/100687"}],"wp:featuredmedia":[{"embeddable":true,"href":"https:\/\/tvbrazilusa.com\/pt\/wp-json\/wp\/v2\/media\/100686"}],"wp:attachment":[{"href":"https:\/\/tvbrazilusa.com\/pt\/wp-json\/wp\/v2\/media?parent=100685"}],"wp:term":[{"taxonomy":"category","embeddable":true,"href":"https:\/\/tvbrazilusa.com\/pt\/wp-json\/wp\/v2\/categories?post=100685"},{"taxonomy":"post_tag","embeddable":true,"href":"https:\/\/tvbrazilusa.com\/pt\/wp-json\/wp\/v2\/tags?post=100685"}],"curies":[{"name":"wp","href":"https:\/\/api.w.org\/{rel}","templated":true}]}}