{"id":100689,"date":"2025-02-08T20:35:40","date_gmt":"2025-02-08T20:35:40","guid":{"rendered":"https:\/\/tvbrazilusa.com\/2025\/02\/08\/google-abandona-politicas-de-diversidade-para-contratacao-de-funcionarios\/"},"modified":"2025-02-08T20:35:44","modified_gmt":"2025-02-08T20:35:44","slug":"google-abandona-politicas-de-diversidade-para-contratacao-de-funcionarios","status":"publish","type":"post","link":"https:\/\/tvbrazilusa.com\/pt\/2025\/02\/08\/google-abandona-politicas-de-diversidade-para-contratacao-de-funcionarios\/","title":{"rendered":"Google abandona pol\u00edticas de diversidade para contrata\u00e7\u00e3o de funcion\u00e1rios"},"content":{"rendered":"<p> <script async src=\"https:\/\/pagead2.googlesyndication.com\/pagead\/js\/adsbygoogle.js?client=ca-pub-8864793242727901\"\r\n     crossorigin=\"anonymous\"><\/script><br \/>\n<\/p>\n<div id=\"taboola-read-more\" style=\"display:block; width:100%\">\n<p>Na esteira de gigantes como Amazon, Microsoft e Meta, o Google anunciou que vai abandonar sua pol\u00edtica de diversidade, equidade e inclus\u00e3o (DEI) para contrata\u00e7\u00e3o. Por e-mail, a empresa informou a seus funcion\u00e1rios que manter\u00e1 equipes diversas em seus escrit\u00f3rios, mas n\u00e3o ter\u00e1 mais como meta ampliar a representatividade interna.<\/p>\n<p>\u201cEm 2020, estabelecemos metas ambiciosas de contrata\u00e7\u00e3o e nos concentramos em expandir nossos escrit\u00f3rios fora da Calif\u00f3rnia e de Nova York para melhorar a representatividade\u201d, disse Fiona Cicconi, diretora de recursos humanos da Alphabet, em um e-mail para a equipe na quarta-feira (5), segundo o jornal Wall Street Journal. \u201cMas, no futuro, n\u00e3o teremos mais essas metas\u201d.<\/p>\n<p>Desde 2020, quando a cultura woke ganhou for\u00e7a a partir do movimento \u201cBlack Lives Matter\u201d (em portugu\u00eas, \u201cVidas Negras Importam\u201d), o Google foi uma das empresas que mais abra\u00e7ou a bandeira da diversidade. Na \u00e9poca, o presidente-executivo, Sundar Pichai, estabeleceu a meta de aumentar, at\u00e9 2025, em 30% o n\u00famero de l\u00edderes vindos de grupos sub-representados.\n<\/p>\n<p>Com inorma\u00e7\u00f5es gazeta do povoG<\/p>\n<\/p><\/div>\n<p><br \/>\n<br \/><a href=\"https:\/\/diariodobrasilnoticias.com.br\/noticia\/google-abandona-politicas-de-diversidade-para-contratacao-de-funcionarios-67a7874d87fcd\">Source link <\/a><\/p>","protected":false},"excerpt":{"rendered":"<p>Na esteira de gigantes como Amazon, Microsoft e Meta, o Google anunciou que vai abandonar sua pol\u00edtica de diversidade, equidade e inclus\u00e3o (DEI) para contrata\u00e7\u00e3o. Por e-mail, a empresa informou&hellip;<\/p>","protected":false},"author":1,"featured_media":100690,"comment_status":"closed","ping_status":"open","sticky":false,"template":"","format":"standard","meta":{"content-type":"","footnotes":""},"categories":[16],"tags":[123,2448,5313,1267],"class_list":["post-100689","post","type-post","status-publish","format-standard","has-post-thumbnail","hentry","category-noticias","tag-brasil","tag-diario","tag-noticia","tag-noticias"],"_links":{"self":[{"href":"https:\/\/tvbrazilusa.com\/pt\/wp-json\/wp\/v2\/posts\/100689","targetHints":{"allow":["GET"]}}],"collection":[{"href":"https:\/\/tvbrazilusa.com\/pt\/wp-json\/wp\/v2\/posts"}],"about":[{"href":"https:\/\/tvbrazilusa.com\/pt\/wp-json\/wp\/v2\/types\/post"}],"author":[{"embeddable":true,"href":"https:\/\/tvbrazilusa.com\/pt\/wp-json\/wp\/v2\/users\/1"}],"replies":[{"embeddable":true,"href":"https:\/\/tvbrazilusa.com\/pt\/wp-json\/wp\/v2\/comments?post=100689"}],"version-history":[{"count":1,"href":"https:\/\/tvbrazilusa.com\/pt\/wp-json\/wp\/v2\/posts\/100689\/revisions"}],"predecessor-version":[{"id":100691,"href":"https:\/\/tvbrazilusa.com\/pt\/wp-json\/wp\/v2\/posts\/100689\/revisions\/100691"}],"wp:featuredmedia":[{"embeddable":true,"href":"https:\/\/tvbrazilusa.com\/pt\/wp-json\/wp\/v2\/media\/100690"}],"wp:attachment":[{"href":"https:\/\/tvbrazilusa.com\/pt\/wp-json\/wp\/v2\/media?parent=100689"}],"wp:term":[{"taxonomy":"category","embeddable":true,"href":"https:\/\/tvbrazilusa.com\/pt\/wp-json\/wp\/v2\/categories?post=100689"},{"taxonomy":"post_tag","embeddable":true,"href":"https:\/\/tvbrazilusa.com\/pt\/wp-json\/wp\/v2\/tags?post=100689"}],"curies":[{"name":"wp","href":"https:\/\/api.w.org\/{rel}","templated":true}]}}