{"id":100704,"date":"2025-02-08T21:17:47","date_gmt":"2025-02-08T21:17:47","guid":{"rendered":"https:\/\/tvbrazilusa.com\/2025\/02\/08\/justica-inocenta-cantora-ana-paula-valadao-apos-fala-sobre-homossexualidade-e-hiv\/"},"modified":"2025-02-08T21:17:51","modified_gmt":"2025-02-08T21:17:51","slug":"justica-inocenta-cantora-ana-paula-valadao-apos-fala-sobre-homossexualidade-e-hiv","status":"publish","type":"post","link":"https:\/\/tvbrazilusa.com\/pt\/2025\/02\/08\/justica-inocenta-cantora-ana-paula-valadao-apos-fala-sobre-homossexualidade-e-hiv\/","title":{"rendered":"justi\u00e7a inocenta cantora Ana Paula valad\u00e3o ap\u00f3s fala sobre homossexualidade e HIV"},"content":{"rendered":"<p> <script async src=\"https:\/\/pagead2.googlesyndication.com\/pagead\/js\/adsbygoogle.js?client=ca-pub-8864793242727901\"\r\n     crossorigin=\"anonymous\"><\/script><br \/>\n<\/p>\n<div id=\"taboola-read-more\" style=\"display:block; width:100%\">\n<p>O Tribunal de Justi\u00e7a do Distrito Federal (TJ-DF) inocentou a cantora e pregadora Ana Paula Valad\u00e3o, l\u00edder e fundadora da banda gospel Diante do Trono, da condena\u00e7\u00e3o imposta em primeira inst\u00e2ncia por declara\u00e7\u00f5es feitas durante o congresso \u201cNa Terra como no C\u00e9u\u201d, transmitido em 2016 pela Rede Super de Televis\u00e3o.<\/p>\n<p>Na ocasi\u00e3o, Ana Paula afirmou que \u201cqualquer escolha leva a uma consequ\u00eancia\u201d e que \u201ctudo que \u00e9 distorcido tem consequ\u00eancias naturais e n\u00e3o \u00e9 praga de Deus\u201d. Como exemplo, mencionou o HIV\/AIDS, dizendo que \u201ca uni\u00e3o sexual entre dois homens causa uma enfermidade que leva \u00e0 morte, contamina as mulheres, enfim, n\u00e3o \u00e9 o ideal de Deus\u201d.<\/p>\n<p>A Alian\u00e7a Nacional LGBTI+ entrou com uma a\u00e7\u00e3o na Justi\u00e7a alegando discurso discriminat\u00f3rio. Em abril de 2023, a cantora foi condenada em primeira inst\u00e2ncia a pagar R$ 25 mil por danos morais coletivos. O juiz respons\u00e1vel pelo caso, Hilmar Castelo Branco Raposo, considerou que a fala \u201crefor\u00e7ou um preconceito ultrapassado ao responsabilizar homossexuais pela dissemina\u00e7\u00e3o do HIV\u201d.<\/p>\n<p>A defesa de Ana Paula Valad\u00e3o recorreu, argumentando que a fala estava fundamentada em cren\u00e7as religiosas e n\u00e3o teve inten\u00e7\u00e3o ofensiva. No julgamento do recurso, realizado na \u00faltima semana, o desembargador Eust\u00e1quio de Castro aceitou o argumento e votou pela revers\u00e3o da condena\u00e7\u00e3o.<\/p>\n<p>Para o magistrado, o poss\u00edvel excesso ocorreu em \u201capenas uma frase\u201d e n\u00e3o justificaria a condena\u00e7\u00e3o. \u201cN\u00e3o identifico, diante do contexto no qual inserido o discurso, excesso sujeito \u00e0 condena\u00e7\u00e3o e \u00e0 repara\u00e7\u00e3o coletiva\u201d, declarou Castro.<\/p>\n<p>A decis\u00e3o foi acompanhada pelos desembargadores Carmen Bittencourt e Te\u00f3filo Caetano, formando maioria favor\u00e1vel \u00e0 absolvi\u00e7\u00e3o. J\u00e1 os desembargadores Diaulas Costa Ribeiro e Jos\u00e9 Firmo Reis Soub votaram contra o recurso.<\/p>\n<p>A Alian\u00e7a Nacional LGBTI+ informou que recorrer\u00e1 da decis\u00e3o ao Superior Tribunal de Justi\u00e7a (STJ) e ao Supremo Tribunal Federal (STF).\n<\/p>\n<p>Com inorma\u00e7\u00f5es conex\u00e3o pol\u00edtica\u00a0<\/p>\n<\/p><\/div>\n<p><br \/>\n<br \/><a href=\"https:\/\/diariodobrasilnoticias.com.br\/noticia\/justica-inocenta-cantora-ana-paula-valadao-apos-fala-sobre-homossexualidade-e-hiv-liberdade-religiosa-67a7896e5f48e\">Source link <\/a><\/p>","protected":false},"excerpt":{"rendered":"<p>O Tribunal de Justi\u00e7a do Distrito Federal (TJ-DF) inocentou a cantora e pregadora Ana Paula Valad\u00e3o, l\u00edder e fundadora da banda gospel Diante do Trono, da condena\u00e7\u00e3o imposta em primeira&hellip;<\/p>","protected":false},"author":1,"featured_media":100705,"comment_status":"closed","ping_status":"open","sticky":false,"template":"","format":"standard","meta":{"content-type":"","footnotes":""},"categories":[16],"tags":[123,2448,5313,1267],"class_list":["post-100704","post","type-post","status-publish","format-standard","has-post-thumbnail","hentry","category-noticias","tag-brasil","tag-diario","tag-noticia","tag-noticias"],"_links":{"self":[{"href":"https:\/\/tvbrazilusa.com\/pt\/wp-json\/wp\/v2\/posts\/100704","targetHints":{"allow":["GET"]}}],"collection":[{"href":"https:\/\/tvbrazilusa.com\/pt\/wp-json\/wp\/v2\/posts"}],"about":[{"href":"https:\/\/tvbrazilusa.com\/pt\/wp-json\/wp\/v2\/types\/post"}],"author":[{"embeddable":true,"href":"https:\/\/tvbrazilusa.com\/pt\/wp-json\/wp\/v2\/users\/1"}],"replies":[{"embeddable":true,"href":"https:\/\/tvbrazilusa.com\/pt\/wp-json\/wp\/v2\/comments?post=100704"}],"version-history":[{"count":1,"href":"https:\/\/tvbrazilusa.com\/pt\/wp-json\/wp\/v2\/posts\/100704\/revisions"}],"predecessor-version":[{"id":100706,"href":"https:\/\/tvbrazilusa.com\/pt\/wp-json\/wp\/v2\/posts\/100704\/revisions\/100706"}],"wp:featuredmedia":[{"embeddable":true,"href":"https:\/\/tvbrazilusa.com\/pt\/wp-json\/wp\/v2\/media\/100705"}],"wp:attachment":[{"href":"https:\/\/tvbrazilusa.com\/pt\/wp-json\/wp\/v2\/media?parent=100704"}],"wp:term":[{"taxonomy":"category","embeddable":true,"href":"https:\/\/tvbrazilusa.com\/pt\/wp-json\/wp\/v2\/categories?post=100704"},{"taxonomy":"post_tag","embeddable":true,"href":"https:\/\/tvbrazilusa.com\/pt\/wp-json\/wp\/v2\/tags?post=100704"}],"curies":[{"name":"wp","href":"https:\/\/api.w.org\/{rel}","templated":true}]}}