{"id":100707,"date":"2025-02-08T21:31:07","date_gmt":"2025-02-08T21:31:07","guid":{"rendered":"https:\/\/tvbrazilusa.com\/2025\/02\/08\/delegada-e-afastada-por-suspeita-de-envolvimento-com-trafico-de-drogas\/"},"modified":"2025-02-08T21:31:09","modified_gmt":"2025-02-08T21:31:09","slug":"delegada-e-afastada-por-suspeita-de-envolvimento-com-trafico-de-drogas","status":"publish","type":"post","link":"https:\/\/tvbrazilusa.com\/pt\/2025\/02\/08\/delegada-e-afastada-por-suspeita-de-envolvimento-com-trafico-de-drogas\/","title":{"rendered":"Delegada \u00e9 afastada por suspeita de envolvimento com tr\u00e1fico de drogas"},"content":{"rendered":"<p> <script async src=\"https:\/\/pagead2.googlesyndication.com\/pagead\/js\/adsbygoogle.js?client=ca-pub-8864793242727901\"\r\n     crossorigin=\"anonymous\"><\/script><br \/>\n<\/p>\n<div id=\"taboola-read-more\" style=\"display:block; width:100%\">\n<p>\u00a0A delegada titular do\u00a0<a href=\"https:\/\/www.policiacivil.sp.gov.br\/\" target=\"_blank\" rel=\"noopener noreferrer\">77\u00ba DP (Santa Cec\u00edlia)<\/a>, Maria Cec\u00edlia Castro Dias, foi afastada de sua fun\u00e7\u00e3o, na tarde dessa sexta-feira (7\/2), suspeita de envolvimento na quadrilha de policiais civis que desvia cargas de drogas para, posteriormente, vend\u00ea-las a traficantes.\n<\/p>\n<p data-gtm-vis-recent-on-screen104869357_94=\"89045\" data-gtm-vis-first-on-screen104869357_94=\"89045\" data-gtm-vis-total-visible-time104869357_94=\"100\" data-gtm-vis-has-fired104869357_94=\"1\">O afastamento ocorreu por meio de decis\u00e3o judicial decretada pelo juiz Oto S\u00e9rgio Silva de Ara\u00fajo J\u00fanior, da 1\u00aa Vara de Crimes Tribut\u00e1rios, Organiza\u00e7\u00e3o Criminosa e Lavagem de Dinheiro do Tribunal de Justi\u00e7a de S\u00e3o Paulo (TJSP).<\/p>\n<p data-gtm-vis-recent-on-screen104869357_94=\"89045\" data-gtm-vis-first-on-screen104869357_94=\"89045\" data-gtm-vis-total-visible-time104869357_94=\"100\" data-gtm-vis-has-fired104869357_94=\"1\">Ainda na tarde dessa sexta-feira, um mandado de busca e apreens\u00e3o foi cumprido na casa da delegada, na Vila Ol\u00edmpia, bairro de alto padr\u00e3o da zona oeste de\u00a0<a href=\"https:\/\/www.metropoles.com\/sao-paulo\" target=\"_blank\" rel=\"noopener noreferrer\">S\u00e3o Paulo<\/a>.\n<\/p>\n<p data-gtm-vis-recent-on-screen104869357_94=\"89045\" data-gtm-vis-first-on-screen104869357_94=\"89045\" data-gtm-vis-total-visible-time104869357_94=\"100\" data-gtm-vis-has-fired104869357_94=\"1\">Com informa\u00e7\u00f5es Metr\u00f3poles\u00a0              <\/p>\n<\/div>\n<p><br \/>\n<br \/><a href=\"https:\/\/diariodobrasilnoticias.com.br\/noticia\/delegada-e-afastada-por-suspeita-de-envolvimento-com-trafico-de-drogas-67a7c4efc6560\">Source link <\/a><\/p>","protected":false},"excerpt":{"rendered":"<p>\u00a0A delegada titular do\u00a077\u00ba DP (Santa Cec\u00edlia), Maria Cec\u00edlia Castro Dias, foi afastada de sua fun\u00e7\u00e3o, na tarde dessa sexta-feira (7\/2), suspeita de envolvimento na quadrilha de policiais civis que&hellip;<\/p>","protected":false},"author":1,"featured_media":100708,"comment_status":"closed","ping_status":"open","sticky":false,"template":"","format":"standard","meta":{"content-type":"","footnotes":""},"categories":[16],"tags":[123,2448,5313,1267],"class_list":["post-100707","post","type-post","status-publish","format-standard","has-post-thumbnail","hentry","category-noticias","tag-brasil","tag-diario","tag-noticia","tag-noticias"],"_links":{"self":[{"href":"https:\/\/tvbrazilusa.com\/pt\/wp-json\/wp\/v2\/posts\/100707","targetHints":{"allow":["GET"]}}],"collection":[{"href":"https:\/\/tvbrazilusa.com\/pt\/wp-json\/wp\/v2\/posts"}],"about":[{"href":"https:\/\/tvbrazilusa.com\/pt\/wp-json\/wp\/v2\/types\/post"}],"author":[{"embeddable":true,"href":"https:\/\/tvbrazilusa.com\/pt\/wp-json\/wp\/v2\/users\/1"}],"replies":[{"embeddable":true,"href":"https:\/\/tvbrazilusa.com\/pt\/wp-json\/wp\/v2\/comments?post=100707"}],"version-history":[{"count":1,"href":"https:\/\/tvbrazilusa.com\/pt\/wp-json\/wp\/v2\/posts\/100707\/revisions"}],"predecessor-version":[{"id":100709,"href":"https:\/\/tvbrazilusa.com\/pt\/wp-json\/wp\/v2\/posts\/100707\/revisions\/100709"}],"wp:featuredmedia":[{"embeddable":true,"href":"https:\/\/tvbrazilusa.com\/pt\/wp-json\/wp\/v2\/media\/100708"}],"wp:attachment":[{"href":"https:\/\/tvbrazilusa.com\/pt\/wp-json\/wp\/v2\/media?parent=100707"}],"wp:term":[{"taxonomy":"category","embeddable":true,"href":"https:\/\/tvbrazilusa.com\/pt\/wp-json\/wp\/v2\/categories?post=100707"},{"taxonomy":"post_tag","embeddable":true,"href":"https:\/\/tvbrazilusa.com\/pt\/wp-json\/wp\/v2\/tags?post=100707"}],"curies":[{"name":"wp","href":"https:\/\/api.w.org\/{rel}","templated":true}]}}