{"id":100719,"date":"2025-02-08T22:29:16","date_gmt":"2025-02-08T22:29:16","guid":{"rendered":"https:\/\/tvbrazilusa.com\/2025\/02\/08\/documento-da-abin-revela-o-que-a-agencia-descobriu-sobre-a-atuacao-da-usaid-no-brasil\/"},"modified":"2025-02-08T22:29:17","modified_gmt":"2025-02-08T22:29:17","slug":"documento-da-abin-revela-o-que-a-agencia-descobriu-sobre-a-atuacao-da-usaid-no-brasil","status":"publish","type":"post","link":"https:\/\/tvbrazilusa.com\/pt\/2025\/02\/08\/documento-da-abin-revela-o-que-a-agencia-descobriu-sobre-a-atuacao-da-usaid-no-brasil\/","title":{"rendered":"Documento da Abin revela o que a ag\u00eancia descobriu sobre a atua\u00e7\u00e3o da Usaid no Brasil"},"content":{"rendered":"<p> <script async src=\"https:\/\/pagead2.googlesyndication.com\/pagead\/js\/adsbygoogle.js?client=ca-pub-8864793242727901\"\r\n     crossorigin=\"anonymous\"><\/script><br \/>\n<\/p>\n<div id=\"taboola-read-more\" style=\"display:block; width:100%\">\n<p data-reader-unique-id=\"1\">Nesta semana, o presidente <strong data-reader-unique-id=\"2\"><a href=\"https:\/\/x.com\/realDonaldTrump\" data-reader-unique-id=\"3\">Donald Trump<\/a><\/strong> anunciou o fechamento da Ag\u00eancia dos Estados Unidos para o Desenvolvimento Internacional (Usaid, na sigla em ingl\u00eas).<\/p>\n<p data-reader-unique-id=\"15\">Ao abrir a \u201ccaixa-preta\u201d da ag\u00eancia, <strong data-reader-unique-id=\"16\"><a href=\"https:\/\/revistaoeste.com\/politica\/a-folha-de-pagamento-da-usaid-no-brasil\/\" data-reader-unique-id=\"17\">descobriu-se que ela tamb\u00e9m servia para financiar pol\u00edticas de esquerda no mundo, sob pretexto de apoiar medidas contra a fome e em prol de vacinas em pa\u00edses pobres.<\/a><\/strong>\n<\/p>\n<p data-reader-unique-id=\"18\">O Brasil n\u00e3o ficou fora do alcance dos tent\u00e1culos da Usaid. Por isso, as atividades dela em territ\u00f3rio nacional chamaram a aten\u00e7\u00e3o da Ag\u00eancia Brasileira de Intelig\u00eancia (Abin), que, em 2012, produziu um conjunto de relat\u00f3rios.\n<\/p>\n<p data-reader-unique-id=\"21\">Em um dos documentos obtido por <strong data-reader-unique-id=\"22\">Oeste<\/strong>, a ag\u00eancia constatou que a Usaid infiltrou-se no Estado do Amazonas para financiar ONGs \u201cque adotam posicionamentos conflitantes com interesses do governo brasileiro na regi\u00e3o, al\u00e9m de desenvolver a\u00e7\u00f5es que configuram tentativas de interfer\u00eancia externa\u201d.\n<\/p>\n<h2 data-reader-unique-id=\"23\">A\u00e7\u00f5es da Usaid monitoradas pela Abin<\/h2>\n<figure data-reader-unique-id=\"24\"><picture data-reader-unique-id=\"25\"><source srcset=\"https:\/\/medias.revistaoeste.com\/wp-content\/uploads\/2024\/12\/shutterstock_2540115723.jpg.webp%201000w,%20https:\/\/medias.revistaoeste.com\/wp-content\/uploads\/2024\/12\/shutterstock_2540115723-300x200.jpg.webp%20300w,%20https:\/\/medias.revistaoeste.com\/wp-content\/uploads\/2024\/12\/shutterstock_2540115723-150x100.jpg.webp%20150w\" type=\"image\/webp\" data-srcset=\"https:\/\/medias.revistaoeste.com\/wp-content\/uploads\/2024\/12\/shutterstock_2540115723.jpg.webp 1000w, https:\/\/medias.revistaoeste.com\/wp-content\/uploads\/2024\/12\/shutterstock_2540115723-300x200.jpg.webp 300w, https:\/\/medias.revistaoeste.com\/wp-content\/uploads\/2024\/12\/shutterstock_2540115723-150x100.jpg.webp 150w\" data-sizes=\"(max-width: 1000px) 100vw, 1000px\" data-reader-unique-id=\"26\"\/><\/picture><figcaption data-reader-unique-id=\"28\">Ao abrir a \u2018caixa-preta\u2019 da ag\u00eancia, Trump descobriu que ela tamb\u00e9m servia para financiar pol\u00edticas de esquerda ao redor do mundo, sob pretexto de apoiar medidas contra a fome e em prol de vacinas em pa\u00edses pobres | Foto: Shutterstock\/Anna Moneymaker<\/figcaption><\/figure>\n<p data-reader-unique-id=\"31\">Ao menos seis ONGs s\u00e3o citadas como entidades a servi\u00e7o dos EUA (todas com sede fora do Amazonas) e bancadas pela Usaid:\n<\/p>\n<ol data-reader-unique-id=\"32\">\n<li data-reader-unique-id=\"33\">Kanind\u00e9 \u2013 Associa\u00e7\u00e3o de Defesa Etnoambiental;<\/li>\n<li data-reader-unique-id=\"34\">Instituto Internacional de Educa\u00e7\u00e3o no Brasil (IEB);<\/li>\n<li data-reader-unique-id=\"35\">Equipe de Conserva\u00e7\u00e3o da Amaz\u00f4nia;<\/li>\n<li data-reader-unique-id=\"36\">Instituto do Homem e Meio Ambiente da Amaz\u00f4nia (Imazon);<\/li>\n<li data-reader-unique-id=\"37\">Instituto Floresta Tropical;<\/li>\n<li data-reader-unique-id=\"38\">Instituto de Pesquisas Ecol\u00f3gicas.<\/li>\n<\/ol>\n<p data-reader-unique-id=\"41\">Conforme a Abin, a Kanind\u00e9 e o IEB, um dos que mais recebeu capital estrangeiro (s\u00f3 em 2004, foram mais de R$ 12 milh\u00f5es da Funda\u00e7\u00e3o Moore, um grupo progressista dos EUA), mobilizaram ind\u00edgenas para impedir a pavimenta\u00e7\u00e3o da BR-317, rodovia que liga o Acre \u00e0 Interoce\u00e2nica, em 2010. A onda de protestos s\u00f3 terminou depois de um acordo entre o governo estadual e esses grupos, intermediado pelas ONGs.\n<\/p>\n<p data-reader-unique-id=\"44\">A Abin afirmou que as seis ONGs, sobretudo Kanind\u00e9 e IEB, \u201catuaram opondo-se \u00e0s obras, procurando influenciar as organiza\u00e7\u00f5es ind\u00edgenas de acordo com as posi\u00e7\u00f5es defendidas pela Usaid\u201d. Um desses posicionamentos \u00e9 o projeto Iniciativa para a Conserva\u00e7\u00e3o da Bacia da Amaz\u00f4nia (ABCI).\n<\/p>\n<p data-reader-unique-id=\"45\">\u201cA ideia b\u00e1sica do projeto ABCI era a de que as popula\u00e7\u00f5es tradicionais seriam os agentes mais importantes para a preserva\u00e7\u00e3o da Amaz\u00f4nia e que as obras de infraestrutura planejadas pelo governo brasileiro, como a constru\u00e7\u00e3o ou recupera\u00e7\u00e3o de estradas, constru\u00e7\u00e3o do gasoduto Urucu-Porto Velho e de usinas hidrel\u00e9tricas no rio Madeira, trariam impactos sociais e ambientais negativos, especialmente a expuls\u00e3o de popula\u00e7\u00f5es tradicionais e a expans\u00e3o da fronteira agr\u00edcola\u201d, escreveu a Abin, no relat\u00f3rio. \u201cPara contrapor-se a tais amea\u00e7as, o projeto propunha fortalecer as organiza\u00e7\u00f5es ind\u00edgenas e monitorar desmatamento, queimadas e abertura de estradas pelos madeireiros, atrav\u00e9s de imagens de sat\u00e9lite e da atua\u00e7\u00e3o das popula\u00e7\u00f5es locais.\u201d\n<\/p>\n<p data-reader-unique-id=\"48\">O relat\u00f3rio da Abin menciona ainda monitoramento da Amaz\u00f4nia, feito via sat\u00e9lite, pelo Imazon, abastecido com recursos da Usaid. \u201cUtilizam t\u00e9cnicas desenvolvidas para detectar, quantificar e monitorar, por meio de imagens de sat\u00e9lites, estradas, comunidades tradicionais e tipologias florestais, entre outros aspectos\u201d, diz a Abin. \u201cCom financiamento estadunidense, o Imazon vem monitorando o espa\u00e7o geogr\u00e1fico brasileiro. O sensoriamento remoto \u00e9 feito por meio de sat\u00e9lites do projeto Landsat, pertencentes aos EUA.\u201d\n<\/p>\n<h3 data-reader-unique-id=\"51\">Conclus\u00e3o da ag\u00eancia brasileira<\/h3>\n<p data-reader-unique-id=\"52\">Segundo a Abin, \u201cno que diz respeito ao Estado do Amazonas, a atua\u00e7\u00e3o das ONGs nacionais que recebem financiamentos da Usaid, norteada por objetivos de pol\u00edtica externa do governo dos EUA, configura tentativa de interfer\u00eancia externa em assuntos nacionais\u201d. \u201cTais ONGs buscam influenciar organiza\u00e7\u00f5es ind\u00edgenas e povos tradicionais no sentido contr\u00e1rio ao da constru\u00e7\u00e3o de obras de infraestrutura projetadas pelo governo brasileiro para a regi\u00e3o.\u201d\n<\/p>\n<p data-reader-unique-id=\"55\"><strong data-reader-unique-id=\"56\">Leia tamb\u00e9m: <a href=\"https:\/\/revistaoeste.com\/revista\/edicao-188\/a-cpi-que-abriu-a-caixa-preta-das-ongs-da-amazonia\/\" data-reader-unique-id=\"57\">\u201cA CPI que abriu a caixa-preta das ONGs da Amaz\u00f4nia\u201d<\/a>, reportagem publicada na Edi\u00e7\u00e3o 188 da Revista Oeste<\/strong>              <\/p>\n<\/div>\n<p><br \/>\n<br \/><a href=\"https:\/\/diariodobrasilnoticias.com.br\/noticia\/documento-da-abin-revela-o-que-a-agencia-descobriu-sobre-a-atuacao-da-usaid-no-brasil-67a7d3cac89c1\">Source link <\/a><\/p>","protected":false},"excerpt":{"rendered":"<p>Nesta semana, o presidente Donald Trump anunciou o fechamento da Ag\u00eancia dos Estados Unidos para o Desenvolvimento Internacional (Usaid, na sigla em ingl\u00eas). Ao abrir a \u201ccaixa-preta\u201d da ag\u00eancia, descobriu-se&hellip;<\/p>","protected":false},"author":1,"featured_media":100720,"comment_status":"closed","ping_status":"open","sticky":false,"template":"","format":"standard","meta":{"content-type":"","footnotes":""},"categories":[16],"tags":[123,2448,5313,1267],"class_list":["post-100719","post","type-post","status-publish","format-standard","has-post-thumbnail","hentry","category-noticias","tag-brasil","tag-diario","tag-noticia","tag-noticias"],"_links":{"self":[{"href":"https:\/\/tvbrazilusa.com\/pt\/wp-json\/wp\/v2\/posts\/100719","targetHints":{"allow":["GET"]}}],"collection":[{"href":"https:\/\/tvbrazilusa.com\/pt\/wp-json\/wp\/v2\/posts"}],"about":[{"href":"https:\/\/tvbrazilusa.com\/pt\/wp-json\/wp\/v2\/types\/post"}],"author":[{"embeddable":true,"href":"https:\/\/tvbrazilusa.com\/pt\/wp-json\/wp\/v2\/users\/1"}],"replies":[{"embeddable":true,"href":"https:\/\/tvbrazilusa.com\/pt\/wp-json\/wp\/v2\/comments?post=100719"}],"version-history":[{"count":1,"href":"https:\/\/tvbrazilusa.com\/pt\/wp-json\/wp\/v2\/posts\/100719\/revisions"}],"predecessor-version":[{"id":100721,"href":"https:\/\/tvbrazilusa.com\/pt\/wp-json\/wp\/v2\/posts\/100719\/revisions\/100721"}],"wp:featuredmedia":[{"embeddable":true,"href":"https:\/\/tvbrazilusa.com\/pt\/wp-json\/wp\/v2\/media\/100720"}],"wp:attachment":[{"href":"https:\/\/tvbrazilusa.com\/pt\/wp-json\/wp\/v2\/media?parent=100719"}],"wp:term":[{"taxonomy":"category","embeddable":true,"href":"https:\/\/tvbrazilusa.com\/pt\/wp-json\/wp\/v2\/categories?post=100719"},{"taxonomy":"post_tag","embeddable":true,"href":"https:\/\/tvbrazilusa.com\/pt\/wp-json\/wp\/v2\/tags?post=100719"}],"curies":[{"name":"wp","href":"https:\/\/api.w.org\/{rel}","templated":true}]}}