{"id":100732,"date":"2025-02-08T23:13:09","date_gmt":"2025-02-08T23:13:09","guid":{"rendered":"https:\/\/tvbrazilusa.com\/2025\/02\/08\/mais-tres-refens-liberados-pelo-hamas-liberados-mostram-condicoes-de-magreza-e-abatimento\/"},"modified":"2025-02-08T23:13:11","modified_gmt":"2025-02-08T23:13:11","slug":"mais-tres-refens-liberados-pelo-hamas-liberados-mostram-condicoes-de-magreza-e-abatimento","status":"publish","type":"post","link":"https:\/\/tvbrazilusa.com\/pt\/2025\/02\/08\/mais-tres-refens-liberados-pelo-hamas-liberados-mostram-condicoes-de-magreza-e-abatimento\/","title":{"rendered":"MAIS TR\u00caS REF\u00c9NS LIBERADOS PELO HAMAS: Liberados mostram condi\u00e7\u00f5es de magreza e abatimento"},"content":{"rendered":"<p> <script async src=\"https:\/\/pagead2.googlesyndication.com\/pagead\/js\/adsbygoogle.js?client=ca-pub-8864793242727901\"\r\n     crossorigin=\"anonymous\"><\/script><br \/>\n<\/p>\n<div>\n<figure class=\"post-image\">\n<\/figure>\n<p>            <span style=\"font-size: 12px\">Reprodu\u00e7\u00e3o jp<\/span><\/p>\n<p>            <!-- end metas --><br \/>\n            <!-- ADS --><\/p>\n<div id=\"taboola-read-more\" style=\"display:block; width:100%\">\n<p>Ref\u00e9ns que estavam sob a cust\u00f3dia do\u00a0<a href=\"http:\/\/jovempan.com.br\/tag\/hamas\"><strong>Hamas<\/strong>\u00a0<\/a>por 491 dias foram finalmente libertados, mas as condi\u00e7\u00f5es em que foram encontrados geraram grande preocupa\u00e7\u00e3o. Durante uma tr\u00e9gua entre o grupo e\u00a0<a href=\"http:\/\/jovempan.com.br\/tag\/israel\"><strong>Israel<\/strong><\/a>, as fam\u00edlias dos ref\u00e9ns relataram que as condi\u00e7\u00f5es de vida dos sequestrados eram alarmantes, evocando lembran\u00e7as de campos de concentra\u00e7\u00e3o. Entre os libertados est\u00e3o Eli Sharabi, Or Levy e Ohad Ben Ami, que apresentam s\u00e9rios problemas de sa\u00fade. O F\u00f3rum das Fam\u00edlias de Ref\u00e9ns israelenses expressou sua indigna\u00e7\u00e3o e pediu a liberta\u00e7\u00e3o de todos os ref\u00e9ns que ainda permanecem em cativeiro.\n<\/p>\n<p>\u201cEstas imagens perturbadoras mostram ao mundo inteiro a realidade desesperadora enfrentada por cada ref\u00e9m ainda mantido em Gaza. As imagens evocam as cenas horripilantes da liberta\u00e7\u00e3o dos campos de concentra\u00e7\u00e3o em 1945, o cap\u00edtulo mais obscuro da nossa hist\u00f3ria. Temos que tirar todos os ref\u00e9ns do inferno. N\u00e3o pode haver mais atrasos. Uma segunda fase do acordo de ref\u00e9ns deve ser implementada imediatamente!\u201d<\/p>\n<\/p><\/div>\n<p>                        <!-- Scripts para conteudo --><\/p>\n<p>            <!-- .\/Scripts para conteudo --><br \/>\n            <!-- .\/Mat\u00e9ria --><\/p>\n<div class=\"row mt-3\">\n<div class=\"col-sm-6\">\n                <!-- Whatsapp channel 3--><br \/>\n                <a href=\"https:\/\/chat.whatsapp.com\/B8Qy6Erx4kb6yTzj3kaDco\" target=\"_blank\"><br \/>\n                  <img decoding=\"async\" src=\"https:\/\/diariodobrasilnoticias.com.br\/assets-site\/images\/bot_whatsapp.png\"\/><\/a>\n              <\/div>\n<div class=\"col-sm-6\">\n                <a href=\"https:\/\/t.me\/+_4gTmi5LKo03OTM5\" target=\"_blank\"><br \/>\n                  <img decoding=\"async\" src=\"https:\/\/diariodobrasilnoticias.com.br\/assets-site\/images\/bot_telegram.png\"\/><\/a>\n              <\/div>\n<\/p><\/div>\n<p>            <!-- end post-navigation --><\/p>\n<p>              <!-- end row --><\/p>\n<p>              <!-- end col-12-->\n                      <\/div>\n<p><br \/>\n<br \/><a href=\"https:\/\/diariodobrasilnoticias.com.br\/noticia\/mais-tres-refens-liberados-pelo-hamas-liberados-mostram-condicoes-de-magreza-e-abatimento-67a7c90d9c9f8\">Source link <\/a><\/p>","protected":false},"excerpt":{"rendered":"<p>Reprodu\u00e7\u00e3o jp Ref\u00e9ns que estavam sob a cust\u00f3dia do\u00a0Hamas\u00a0por 491 dias foram finalmente libertados, mas as condi\u00e7\u00f5es em que foram encontrados geraram grande preocupa\u00e7\u00e3o. Durante uma tr\u00e9gua entre o grupo&hellip;<\/p>","protected":false},"author":1,"featured_media":100733,"comment_status":"closed","ping_status":"open","sticky":false,"template":"","format":"standard","meta":{"content-type":"","footnotes":""},"categories":[16],"tags":[123,2448,5313,1267],"class_list":["post-100732","post","type-post","status-publish","format-standard","has-post-thumbnail","hentry","category-noticias","tag-brasil","tag-diario","tag-noticia","tag-noticias"],"_links":{"self":[{"href":"https:\/\/tvbrazilusa.com\/pt\/wp-json\/wp\/v2\/posts\/100732","targetHints":{"allow":["GET"]}}],"collection":[{"href":"https:\/\/tvbrazilusa.com\/pt\/wp-json\/wp\/v2\/posts"}],"about":[{"href":"https:\/\/tvbrazilusa.com\/pt\/wp-json\/wp\/v2\/types\/post"}],"author":[{"embeddable":true,"href":"https:\/\/tvbrazilusa.com\/pt\/wp-json\/wp\/v2\/users\/1"}],"replies":[{"embeddable":true,"href":"https:\/\/tvbrazilusa.com\/pt\/wp-json\/wp\/v2\/comments?post=100732"}],"version-history":[{"count":1,"href":"https:\/\/tvbrazilusa.com\/pt\/wp-json\/wp\/v2\/posts\/100732\/revisions"}],"predecessor-version":[{"id":100734,"href":"https:\/\/tvbrazilusa.com\/pt\/wp-json\/wp\/v2\/posts\/100732\/revisions\/100734"}],"wp:featuredmedia":[{"embeddable":true,"href":"https:\/\/tvbrazilusa.com\/pt\/wp-json\/wp\/v2\/media\/100733"}],"wp:attachment":[{"href":"https:\/\/tvbrazilusa.com\/pt\/wp-json\/wp\/v2\/media?parent=100732"}],"wp:term":[{"taxonomy":"category","embeddable":true,"href":"https:\/\/tvbrazilusa.com\/pt\/wp-json\/wp\/v2\/categories?post=100732"},{"taxonomy":"post_tag","embeddable":true,"href":"https:\/\/tvbrazilusa.com\/pt\/wp-json\/wp\/v2\/tags?post=100732"}],"curies":[{"name":"wp","href":"https:\/\/api.w.org\/{rel}","templated":true}]}}