{"id":100739,"date":"2025-02-08T23:40:33","date_gmt":"2025-02-08T23:40:33","guid":{"rendered":"https:\/\/tvbrazilusa.com\/2025\/02\/08\/meta-dona-de-facebook-e-instagram-deve-demitir-3-mil-na-segunda-feira-10-2\/"},"modified":"2025-02-08T23:40:34","modified_gmt":"2025-02-08T23:40:34","slug":"meta-dona-de-facebook-e-instagram-deve-demitir-3-mil-na-segunda-feira-10-2","status":"publish","type":"post","link":"https:\/\/tvbrazilusa.com\/pt\/2025\/02\/08\/meta-dona-de-facebook-e-instagram-deve-demitir-3-mil-na-segunda-feira-10-2\/","title":{"rendered":"Meta, dona de Facebook e Instagram, deve demitir 3 mil na segunda-feira (10\/2)"},"content":{"rendered":"<p> <script async src=\"https:\/\/pagead2.googlesyndication.com\/pagead\/js\/adsbygoogle.js?client=ca-pub-8864793242727901\"\r\n     crossorigin=\"anonymous\"><\/script><br \/>\n<\/p>\n<div id=\"taboola-read-more\" style=\"display:block; width:100%\">\n<p>A <a href=\"https:\/\/about.meta.com\/br\/\" target=\"_blank\" rel=\"noopener noreferrer\">Meta<\/a>, controladora de <a href=\"https:\/\/www.metropoles.com\/tag\/facebook\" target=\"_blank\" rel=\"noopener noreferrer\">Facebook<\/a>, <a href=\"https:\/\/www.metropoles.com\/tag\/instagram\" target=\"_blank\" rel=\"noopener noreferrer\">Instagram<\/a>, <a href=\"https:\/\/www.metropoles.com\/tag\/whatsapp\" target=\"_blank\" rel=\"noopener noreferrer\">WhatsApp<\/a> e Threads, est\u00e1 prestes a levar a cabo uma nova rodada de demiss\u00f5es, que deve ocorrer j\u00e1 na segunda-feira (10\/2).\n<\/p>\n<h3>O que vai acontecer<\/h3>\n<ul>\n<li>Pelo menos 3 mil funcion\u00e1rios devem ser desligados da gigante de tecnologia.<\/li>\n<li>O n\u00famero de poss\u00edveis demitidos corresponde a 4% da for\u00e7a de trabalho da empresa, que tem 72 mil funcion\u00e1rios.<\/li>\n<li>A Meta informou aos funcion\u00e1rios sobre os cortes, por meio de um comunicado interno divulgado na sexta-feira (7\/2).<\/li>\n<li>As demiss\u00f5es ser\u00e3o feitas em hor\u00e1rios escalonados. Nos <a href=\"https:\/\/www.metropoles.com\/tag\/estados-unidos\" target=\"_blank\" rel=\"noopener noreferrer\">Estados Unidos<\/a>, os profissionais desligados ser\u00e3o notificados logo na primeira hora de trabalho e perder\u00e3o seus acessos aos sistemas internos da empresa.<br \/>Metr\u00f3poles\u00a0<\/li>\n<\/ul><\/div>\n<p><br \/>\n<br \/><a href=\"https:\/\/diariodobrasilnoticias.com.br\/noticia\/meta-dona-de-facebook-e-instagram-deve-demitir-3-mil-na-segunda-feira-10-2-67a7df16eec42\">Source link <\/a><\/p>","protected":false},"excerpt":{"rendered":"<p>A Meta, controladora de Facebook, Instagram, WhatsApp e Threads, est\u00e1 prestes a levar a cabo uma nova rodada de demiss\u00f5es, que deve ocorrer j\u00e1 na segunda-feira (10\/2). O que vai&hellip;<\/p>","protected":false},"author":1,"featured_media":100740,"comment_status":"closed","ping_status":"open","sticky":false,"template":"","format":"standard","meta":{"content-type":"","footnotes":""},"categories":[16],"tags":[123,2448,5313,1267],"class_list":["post-100739","post","type-post","status-publish","format-standard","has-post-thumbnail","hentry","category-noticias","tag-brasil","tag-diario","tag-noticia","tag-noticias"],"_links":{"self":[{"href":"https:\/\/tvbrazilusa.com\/pt\/wp-json\/wp\/v2\/posts\/100739","targetHints":{"allow":["GET"]}}],"collection":[{"href":"https:\/\/tvbrazilusa.com\/pt\/wp-json\/wp\/v2\/posts"}],"about":[{"href":"https:\/\/tvbrazilusa.com\/pt\/wp-json\/wp\/v2\/types\/post"}],"author":[{"embeddable":true,"href":"https:\/\/tvbrazilusa.com\/pt\/wp-json\/wp\/v2\/users\/1"}],"replies":[{"embeddable":true,"href":"https:\/\/tvbrazilusa.com\/pt\/wp-json\/wp\/v2\/comments?post=100739"}],"version-history":[{"count":1,"href":"https:\/\/tvbrazilusa.com\/pt\/wp-json\/wp\/v2\/posts\/100739\/revisions"}],"predecessor-version":[{"id":100741,"href":"https:\/\/tvbrazilusa.com\/pt\/wp-json\/wp\/v2\/posts\/100739\/revisions\/100741"}],"wp:featuredmedia":[{"embeddable":true,"href":"https:\/\/tvbrazilusa.com\/pt\/wp-json\/wp\/v2\/media\/100740"}],"wp:attachment":[{"href":"https:\/\/tvbrazilusa.com\/pt\/wp-json\/wp\/v2\/media?parent=100739"}],"wp:term":[{"taxonomy":"category","embeddable":true,"href":"https:\/\/tvbrazilusa.com\/pt\/wp-json\/wp\/v2\/categories?post=100739"},{"taxonomy":"post_tag","embeddable":true,"href":"https:\/\/tvbrazilusa.com\/pt\/wp-json\/wp\/v2\/tags?post=100739"}],"curies":[{"name":"wp","href":"https:\/\/api.w.org\/{rel}","templated":true}]}}